{"id":1970,"date":"2021-07-14T15:01:03","date_gmt":"2021-07-14T18:01:03","guid":{"rendered":"https:\/\/quanticamedios.com.ar\/?p=1970"},"modified":"2021-07-14T15:01:04","modified_gmt":"2021-07-14T18:01:04","slug":"cidh-son-falsas-las-denuncias-sobre-embarazadas-escondidas-en-formosa","status":"publish","type":"post","link":"https:\/\/quanticamedios.com.ar\/?p=1970","title":{"rendered":"CIDH \u00abSon falsas las denuncias sobre embarazadas escondidas en Formosa\u00bb"},"content":{"rendered":"\n<p class=\"has-medium-font-size\"><strong><em>La Comisi\u00f3n Interamericana de Derechos humanos desminti\u00f3 la denuncia medi\u00e1tica realizada por el canal TN de Argentina sobre mujeres embarazadas escondidas en el monte formose\u00f1o<\/em><\/strong> <strong><em>por temor a que el gobierno les quite a sus hijos.<\/em><\/strong><\/p>\n\n\n\n<p class=\"has-text-align-justify\">Tras un exhaustivo tr\u00e1mite que requiri\u00f3 varios informes elaborados por las autoridades de Formosa y la Secretar\u00eda de Derechos Humanos, entre otros organismos nacionales, como el Ministerio de Mujeres, G\u00e9neros y Diversidad, el Ministerio de Salud y el Instituto Nacional de Asuntos Ind\u00edgenas, la Comisi\u00f3n Interamericana de Derechos Humanos dio a conocer ayer una resoluci\u00f3n mediante la cual decidi\u00f3 levantar las medidas cautelares que hab\u00eda dictado el 16 de abril pasado. La contundente decisi\u00f3n de la CIDH fue adoptada por unanimidad el domingo 11 de julio, y fue comunicada al Estado a \u00faltima hora del martes 13.<\/p>\n\n\n\n<p class=\"has-text-align-justify has-normal-font-size\"><\/p>\n\n\n\n<p class=\"has-text-align-justify\">En su resoluci\u00f3n, la CIDH reconoce que el marco f\u00e1ctico que hab\u00eda valorado para dictar las medidas cautelares no se verific\u00f3 durante el tr\u00e1mite internacional. En otras palabras, que la grav\u00edsima denuncia internacional formulada por el dirigente ind\u00edgena F\u00e9lix D\u00edaz y Santiago Cant\u00f3n, no logr\u00f3 demostrar situaciones concretas de mujeres embarazadas que no contaran con la atenci\u00f3n m\u00e9dica adecuada, que estuvieran escondidas en el monte por miedo, amenazas u hostigamiento en su contra, o mucho menos que existieran casos de beb\u00e9s separados de sus madres al nacer.<\/p>\n\n\n\n<p class=\"has-text-align-justify\">La Comisi\u00f3n Interamericana tambi\u00e9n cuestiona severamente la falta de colaboraci\u00f3n de los peticionarios en brindar informaci\u00f3n precisa que permitiera identificar a las mujeres a las que supuestamente se buscaba proteger; y valora de modo positivo el esfuerzo desplegado por el Estado para verificar si hab\u00eda alguna persona que no estuviera recibiendo la atenci\u00f3n m\u00e9dica correspondiente.<\/p>\n\n\n\n<p class=\"has-text-align-justify\"><strong><em>\u201cLa Comisi\u00f3n observa que el Estado ha proporcionado soporte documentario que hace referencia a las atenciones en salud que las beneficiarias habr\u00edan estado recibiendo durante su estado de embarazo, seg\u00fan corresponde. (\u2026) [L]a Comisi\u00f3n observa que la representaci\u00f3n no ha brindado soporte documentario alguno que permita indicar que, incluso despu\u00e9s de su embarazo, las personas beneficiarias se encuentren en una situaci\u00f3n de riesgo (\u2026). En tal sentido, no se ha proporcionado informaci\u00f3n que indique, por ejemplo, que el Estado les venga negando atenci\u00f3n en salud o la atenci\u00f3n en salud que recibir\u00edan actualmente no ser\u00eda id\u00f3nea o efectiva seg\u00fan lo que prescriban los m\u00e9dicos competente<\/em><\/strong>s\u201d.<\/p>\n\n\n\n<p class=\"has-text-align-justify\">Y prosigue la resoluci\u00f3n: <strong><em>\u201cSi bien la representaci\u00f3n ha continuado afirmando que existe \u201ctemor\u201d, \u201camenazas\u201d, \u201cpersecuci\u00f3n\u201d, entre otros, la Comisi\u00f3n no advierte informaci\u00f3n concreta respecto de cada una de las 7 mujeres beneficiarias que indique, por ejemplo, una amenaza concreta o sostenida en contra de ellas, o inacci\u00f3n del Estado de brindarles atenci\u00f3n m\u00e9dica, o que la atenci\u00f3n m\u00e9dica haya sido negada atendiendo su situaci\u00f3n actual. La informaci\u00f3n disponible tampoco indica que el Estado se haya negado a brindarles alg\u00fan tipo de protecci\u00f3n en caso de que tales situaciones eventualmente se presenten. Por el contrario, la informaci\u00f3n disponible indica que las mujeres embarazadas dieron a luz y no se cuenta con elementos que indiquen que hubo hostilidad o agresiones durante el proceso de parto o situaciones similares como las que la representaci\u00f3n informaba de manera previa al otorgamiento de las medidas cautelares\u201d<\/em><\/strong>.<\/p>\n\n\n\n<h2 class=\"wp-block-heading\"><strong><em>Antecedentes del tr\u00e1mite internacional<\/em><\/strong><\/h2>\n\n\n\n<p class=\"has-text-align-justify\"><br>La denuncia internacional hab\u00eda comenzado el 12 de marzo de 2021, con una solicitud de medidas cautelares firmada por el dirigente ind\u00edgena F\u00e9lix D\u00edaz y el ex secretario de Derechos Humanos de la provincia de Buenos Aires durante la gesti\u00f3n de Mar\u00eda Eugenia Vidal y ex secretario ejecutivo de la CIDH, Santiago Cant\u00f3n, en favor de unas 86 mujeres ind\u00edgenas del oeste de Formosa que, seg\u00fan los solicitantes, experimentaban \u201ctemor fundado\u201d de distintas vejaciones, y otras 13 personas que las proteger\u00edan. En su resoluci\u00f3n del 16 de abril, la CIDH ya hab\u00eda descartado la existencia de un patr\u00f3n de ces\u00e1reas forzosas, separaci\u00f3n de madres de sus hijos y otras alegaciones del mismo tenor, desacreditando as\u00ed las denuncias relacionadas con violaciones de derechos humanos generalizadas en Formosa.<\/p>\n\n\n\n<p class=\"has-text-align-justify\">En aquella oportunidad, sin embargo, el organismo regional concedi\u00f3 la medida de protecci\u00f3n respecto a siete mujeres, sin siquiera permitir al Estado brindar ning\u00fan descargo en relaci\u00f3n con la veracidad de lo afirmado y sin conocer sus nombres y localizaci\u00f3n precisa con anterioridad al dictado de la decisi\u00f3n.<\/p>\n\n\n\n<p class=\"has-text-align-justify\">Mediante la resoluci\u00f3n del 11 de julio, la CIDH resalta que, tras evaluar la informaci\u00f3n aportada por el Estado, tampoco se verific\u00f3 ninguna amenaza concreta ni falta de atenci\u00f3n m\u00e9dica en el caso de las siete mujeres ind\u00edgenas sobre las que se concedi\u00f3 la medida. Por eso decidi\u00f3 cerrar el tr\u00e1mite internacional.<\/p>\n\n\n\n<p><\/p>\n\n\n\n<div data-wp-interactive=\"core\/file\" class=\"wp-block-file\"><object data-wp-bind--hidden=\"!state.hasPdfPreview\" hidden class=\"wp-block-file__embed\" data=\"https:\/\/quanticamedios.com.ar\/wp-content\/uploads\/2021\/07\/resolucion_cidh_sn.pdf\" type=\"application\/pdf\" style=\"width:100%;height:600px\" aria-label=\"Incrustado de Embed of resolucion_cidh_sn..\"><\/object><a href=\"https:\/\/quanticamedios.com.ar\/wp-content\/uploads\/2021\/07\/resolucion_cidh_sn.pdf\">resolucion_cidh_sn<\/a><a href=\"https:\/\/quanticamedios.com.ar\/wp-content\/uploads\/2021\/07\/resolucion_cidh_sn.pdf\" class=\"wp-block-file__button\" download>Download<\/a><\/div>\n","protected":false},"excerpt":{"rendered":"<p>La Comisi\u00f3n Interamericana de Derechos humanos desminti\u00f3 la denuncia medi\u00e1tica realizada por el canal TN de Argentina sobre mujeres embarazadas escondidas en el monte formose\u00f1o por temor a que el&hellip; <\/p>\n","protected":false},"author":2,"featured_media":1972,"comment_status":"open","ping_status":"open","sticky":false,"template":"","format":"standard","meta":{"advanced_seo_description":"","jetpack_seo_html_title":"","jetpack_seo_noindex":false,"jetpack_post_was_ever_published":false,"_jetpack_newsletter_access":"","_jetpack_dont_email_post_to_subs":false,"_jetpack_newsletter_tier_id":0,"_jetpack_memberships_contains_paywalled_content":false,"_jetpack_memberships_contains_paid_content":false,"footnotes":"","jetpack_publicize_message":"","jetpack_publicize_feature_enabled":true,"jetpack_social_post_already_shared":true,"jetpack_social_options":{"image_generator_settings":{"template":"highway","default_image_id":0,"font":"","enabled":false},"version":2}},"categories":[25],"tags":[296,1098,72,63,1097,1099,192,18,1100,42,26],"class_list":["post-1970","post","type-post","status-publish","format-standard","has-post-thumbnail","hentry","category-sociedad","tag-argentina","tag-cidh","tag-coronavirus","tag-covid-19","tag-formosa","tag-oea","tag-pandemia","tag-politica","tag-pueblos-originarios","tag-salud","tag-sociedad"],"jetpack_publicize_connections":[],"jetpack_featured_media_url":"https:\/\/i0.wp.com\/quanticamedios.com.ar\/wp-content\/uploads\/2021\/07\/09-CIDH-Archivo-777x437-1.jpg?fit=777%2C437&ssl=1","jetpack-related-posts":[{"id":2916,"url":"https:\/\/quanticamedios.com.ar\/?p=2916","url_meta":{"origin":1970,"position":0},"title":"Carla Vizzotti visit\u00f3 Formosa y destac\u00f3 la vacunaci\u00f3n en adolescentes","author":"Gabriel Barrios","date":"2 noviembre, 2021","format":false,"excerpt":"La titular de la cartera sanitaria nacional recorri\u00f3 en Formosa vacunatorios de adolescentes y particip\u00f3 de la puesta en marcha de vacunatorios de demanda espont\u00e1nea en las ciudades de Clorinda y Formosa. Tambi\u00e9n se reuni\u00f3 con el gobernador Gildo Insfr\u00e1n junto a quien analiz\u00f3 la situaci\u00f3n epidemiol\u00f3gica de la provincia\u2026","rel":"","context":"En \u00abSalud\u00bb","block_context":{"text":"Salud","link":"https:\/\/quanticamedios.com.ar\/?cat=117"},"img":{"alt_text":"","src":"https:\/\/i0.wp.com\/quanticamedios.com.ar\/wp-content\/uploads\/2021\/11\/2-11-21-Vizzotti-Formosa.jpeg?fit=1200%2C800&ssl=1&resize=350%2C200","width":350,"height":200,"srcset":"https:\/\/i0.wp.com\/quanticamedios.com.ar\/wp-content\/uploads\/2021\/11\/2-11-21-Vizzotti-Formosa.jpeg?fit=1200%2C800&ssl=1&resize=350%2C200 1x, https:\/\/i0.wp.com\/quanticamedios.com.ar\/wp-content\/uploads\/2021\/11\/2-11-21-Vizzotti-Formosa.jpeg?fit=1200%2C800&ssl=1&resize=525%2C300 1.5x, https:\/\/i0.wp.com\/quanticamedios.com.ar\/wp-content\/uploads\/2021\/11\/2-11-21-Vizzotti-Formosa.jpeg?fit=1200%2C800&ssl=1&resize=700%2C400 2x, https:\/\/i0.wp.com\/quanticamedios.com.ar\/wp-content\/uploads\/2021\/11\/2-11-21-Vizzotti-Formosa.jpeg?fit=1200%2C800&ssl=1&resize=1050%2C600 3x"},"classes":[]},{"id":4495,"url":"https:\/\/quanticamedios.com.ar\/?p=4495","url_meta":{"origin":1970,"position":1},"title":"Vizzotti encabez\u00f3 una nueva reuni\u00f3n ordinaria de la Comisi\u00f3n Nacional Interministerial de Pol\u00edticas de Salud Mental y Adicciones","author":"Gabriel Barrios","date":"20 julio, 2022","format":false,"excerpt":"Durante el encuentro se compartieron los avances en la implementaci\u00f3n de la Estrategia Federal de Abordaje Integral de la Salud Mental y se desarrollaron las principales l\u00edneas de acci\u00f3n que impulsan de manera articulada los ministerios de Desarrollo Productivo, Seguridad y Agricultura. La ministra de Salud de la Naci\u00f3n particip\u00f3\u2026","rel":"","context":"En \u00abSalud\u00bb","block_context":{"text":"Salud","link":"https:\/\/quanticamedios.com.ar\/?cat=117"},"img":{"alt_text":"","src":"https:\/\/i0.wp.com\/quanticamedios.com.ar\/wp-content\/uploads\/2022\/07\/WhatsApp-Image-2022-07-20-at-10.23.02-AM.jpeg?fit=1200%2C800&ssl=1&resize=350%2C200","width":350,"height":200,"srcset":"https:\/\/i0.wp.com\/quanticamedios.com.ar\/wp-content\/uploads\/2022\/07\/WhatsApp-Image-2022-07-20-at-10.23.02-AM.jpeg?fit=1200%2C800&ssl=1&resize=350%2C200 1x, https:\/\/i0.wp.com\/quanticamedios.com.ar\/wp-content\/uploads\/2022\/07\/WhatsApp-Image-2022-07-20-at-10.23.02-AM.jpeg?fit=1200%2C800&ssl=1&resize=525%2C300 1.5x, https:\/\/i0.wp.com\/quanticamedios.com.ar\/wp-content\/uploads\/2022\/07\/WhatsApp-Image-2022-07-20-at-10.23.02-AM.jpeg?fit=1200%2C800&ssl=1&resize=700%2C400 2x, https:\/\/i0.wp.com\/quanticamedios.com.ar\/wp-content\/uploads\/2022\/07\/WhatsApp-Image-2022-07-20-at-10.23.02-AM.jpeg?fit=1200%2C800&ssl=1&resize=1050%2C600 3x"},"classes":[]},{"id":3628,"url":"https:\/\/quanticamedios.com.ar\/?p=3628","url_meta":{"origin":1970,"position":2},"title":"COVID -19: Salud distribuy\u00f3 esta semana m\u00e1s de 500 Mil vacunas","author":"Gabriel Barrios","date":"26 marzo, 2022","format":false,"excerpt":"Se trata de dosis de AstraZeneca y Pfizer. De esta manera, la cartera sanitaria envi\u00f3 ya m\u00e1s de 104 millones de vacunas contra el SARS-CoV-2 a todo el territorio nacional. El Ministerio de Salud de la Naci\u00f3n distribuy\u00f3 entre el mi\u00e9rcoles y el jueves 592.650 dosis de vacuna contra la\u2026","rel":"","context":"En \u00abSalud\u00bb","block_context":{"text":"Salud","link":"https:\/\/quanticamedios.com.ar\/?cat=117"},"img":{"alt_text":"","src":"https:\/\/i0.wp.com\/quanticamedios.com.ar\/wp-content\/uploads\/2022\/03\/07-10-21-Pfizer_18.jpg?fit=1200%2C799&ssl=1&resize=350%2C200","width":350,"height":200,"srcset":"https:\/\/i0.wp.com\/quanticamedios.com.ar\/wp-content\/uploads\/2022\/03\/07-10-21-Pfizer_18.jpg?fit=1200%2C799&ssl=1&resize=350%2C200 1x, https:\/\/i0.wp.com\/quanticamedios.com.ar\/wp-content\/uploads\/2022\/03\/07-10-21-Pfizer_18.jpg?fit=1200%2C799&ssl=1&resize=525%2C300 1.5x, https:\/\/i0.wp.com\/quanticamedios.com.ar\/wp-content\/uploads\/2022\/03\/07-10-21-Pfizer_18.jpg?fit=1200%2C799&ssl=1&resize=700%2C400 2x, https:\/\/i0.wp.com\/quanticamedios.com.ar\/wp-content\/uploads\/2022\/03\/07-10-21-Pfizer_18.jpg?fit=1200%2C799&ssl=1&resize=1050%2C600 3x"},"classes":[]},{"id":3247,"url":"https:\/\/quanticamedios.com.ar\/?p=3247","url_meta":{"origin":1970,"position":3},"title":"El Ministerio de las Mujeres, G\u00e9neros y Diversidad de la Naci\u00f3n conmemora un a\u00f1o de la Ley de IVE con actividades en todo el pa\u00eds\u00a0\u00a0\ufffc","author":"Gabriel Barrios","date":"28 diciembre, 2021","format":false,"excerpt":"Con motivo de conmemorarse un a\u00f1o de la sanci\u00f3n de la Ley N\u00ba 27.610, que regula el acceso a la interrupci\u00f3n voluntaria del embarazo y la atenci\u00f3n post aborto, el Ministerio de las Mujeres, G\u00e9neros y Diversidad de la Naci\u00f3n (MMGyD) realizar\u00e1, los d\u00edas 29 y 30 de diciembre, una\u2026","rel":"","context":"En \u00abSociedad\u00bb","block_context":{"text":"Sociedad","link":"https:\/\/quanticamedios.com.ar\/?cat=25"},"img":{"alt_text":"","src":"https:\/\/i0.wp.com\/quanticamedios.com.ar\/wp-content\/uploads\/2021\/12\/6000cbba1d7d6_900.jpg?fit=900%2C506&ssl=1&resize=350%2C200","width":350,"height":200,"srcset":"https:\/\/i0.wp.com\/quanticamedios.com.ar\/wp-content\/uploads\/2021\/12\/6000cbba1d7d6_900.jpg?fit=900%2C506&ssl=1&resize=350%2C200 1x, https:\/\/i0.wp.com\/quanticamedios.com.ar\/wp-content\/uploads\/2021\/12\/6000cbba1d7d6_900.jpg?fit=900%2C506&ssl=1&resize=525%2C300 1.5x, https:\/\/i0.wp.com\/quanticamedios.com.ar\/wp-content\/uploads\/2021\/12\/6000cbba1d7d6_900.jpg?fit=900%2C506&ssl=1&resize=700%2C400 2x"},"classes":[]},{"id":1828,"url":"https:\/\/quanticamedios.com.ar\/?p=1828","url_meta":{"origin":1970,"position":4},"title":"Salud present\u00f3 \u201cRecomendaciones para la atenci\u00f3n integral de la salud de ni\u00f1eces y adolescencias trans, travestis y no binaries\u201d","author":"Gabriel Barrios","date":"1 julio, 2021","format":false,"excerpt":"El material contiene una serie de pautas pr\u00e1cticas que tienen como objetivo orientar a los equipos de salud en el abordaje de esta poblaci\u00f3n y brindar respaldo a las instituciones que trabajan con esta tem\u00e1tica. Por primera vez, y en el marco del D\u00eda Internacional del Orgullo LGTBI+, el Ministerio\u2026","rel":"","context":"En \u00abSalud\u00bb","block_context":{"text":"Salud","link":"https:\/\/quanticamedios.com.ar\/?cat=117"},"img":{"alt_text":"","src":"https:\/\/i0.wp.com\/quanticamedios.com.ar\/wp-content\/uploads\/2021\/07\/MSAL-2-1-7-2021.jpeg?fit=1200%2C889&ssl=1&resize=350%2C200","width":350,"height":200,"srcset":"https:\/\/i0.wp.com\/quanticamedios.com.ar\/wp-content\/uploads\/2021\/07\/MSAL-2-1-7-2021.jpeg?fit=1200%2C889&ssl=1&resize=350%2C200 1x, https:\/\/i0.wp.com\/quanticamedios.com.ar\/wp-content\/uploads\/2021\/07\/MSAL-2-1-7-2021.jpeg?fit=1200%2C889&ssl=1&resize=525%2C300 1.5x, https:\/\/i0.wp.com\/quanticamedios.com.ar\/wp-content\/uploads\/2021\/07\/MSAL-2-1-7-2021.jpeg?fit=1200%2C889&ssl=1&resize=700%2C400 2x, https:\/\/i0.wp.com\/quanticamedios.com.ar\/wp-content\/uploads\/2021\/07\/MSAL-2-1-7-2021.jpeg?fit=1200%2C889&ssl=1&resize=1050%2C600 3x"},"classes":[]},{"id":488,"url":"https:\/\/quanticamedios.com.ar\/?p=488","url_meta":{"origin":1970,"position":5},"title":"Violencia obst\u00e9trica, una de las formas de violencia de g\u00e9nero m\u00e1s invisibilizadas","author":"Natalia Rivarola","date":"4 marzo, 2021","format":false,"excerpt":"A d\u00edas de un nuevo #8M, Qu\u00e1ntica Radio presenta un Informe Especial sobre este flagelo que afecta diariamente a much\u00edsimas mujeres durante el embarazo, parto y post parto. D\u00e9 que se trata esta violencia naturalizada, casos para reconocerla, qu\u00e9 dice la ley y las preocupantes cifras en el pa\u00eds. La\u2026","rel":"","context":"En \u00abInforme Especial\u00bb","block_context":{"text":"Informe Especial","link":"https:\/\/quanticamedios.com.ar\/?cat=195"},"img":{"alt_text":"","src":"https:\/\/i0.wp.com\/quanticamedios.com.ar\/wp-content\/uploads\/2021\/03\/Violencia-obstetrica0.jpg?fit=856%2C525&ssl=1&resize=350%2C200","width":350,"height":200,"srcset":"https:\/\/i0.wp.com\/quanticamedios.com.ar\/wp-content\/uploads\/2021\/03\/Violencia-obstetrica0.jpg?fit=856%2C525&ssl=1&resize=350%2C200 1x, https:\/\/i0.wp.com\/quanticamedios.com.ar\/wp-content\/uploads\/2021\/03\/Violencia-obstetrica0.jpg?fit=856%2C525&ssl=1&resize=525%2C300 1.5x, https:\/\/i0.wp.com\/quanticamedios.com.ar\/wp-content\/uploads\/2021\/03\/Violencia-obstetrica0.jpg?fit=856%2C525&ssl=1&resize=700%2C400 2x"},"classes":[]}],"jetpack_shortlink":"https:\/\/wp.me\/ph7tt2-vM","jetpack_sharing_enabled":true,"jetpack_likes_enabled":true,"amp_enabled":true,"_links":{"self":[{"href":"https:\/\/quanticamedios.com.ar\/index.php?rest_route=\/wp\/v2\/posts\/1970","targetHints":{"allow":["GET"]}}],"collection":[{"href":"https:\/\/quanticamedios.com.ar\/index.php?rest_route=\/wp\/v2\/posts"}],"about":[{"href":"https:\/\/quanticamedios.com.ar\/index.php?rest_route=\/wp\/v2\/types\/post"}],"author":[{"embeddable":true,"href":"https:\/\/quanticamedios.com.ar\/index.php?rest_route=\/wp\/v2\/users\/2"}],"replies":[{"embeddable":true,"href":"https:\/\/quanticamedios.com.ar\/index.php?rest_route=%2Fwp%2Fv2%2Fcomments&post=1970"}],"version-history":[{"count":1,"href":"https:\/\/quanticamedios.com.ar\/index.php?rest_route=\/wp\/v2\/posts\/1970\/revisions"}],"predecessor-version":[{"id":1973,"href":"https:\/\/quanticamedios.com.ar\/index.php?rest_route=\/wp\/v2\/posts\/1970\/revisions\/1973"}],"wp:featuredmedia":[{"embeddable":true,"href":"https:\/\/quanticamedios.com.ar\/index.php?rest_route=\/wp\/v2\/media\/1972"}],"wp:attachment":[{"href":"https:\/\/quanticamedios.com.ar\/index.php?rest_route=%2Fwp%2Fv2%2Fmedia&parent=1970"}],"wp:term":[{"taxonomy":"category","embeddable":true,"href":"https:\/\/quanticamedios.com.ar\/index.php?rest_route=%2Fwp%2Fv2%2Fcategories&post=1970"},{"taxonomy":"post_tag","embeddable":true,"href":"https:\/\/quanticamedios.com.ar\/index.php?rest_route=%2Fwp%2Fv2%2Ftags&post=1970"}],"curies":[{"name":"wp","href":"https:\/\/api.w.org\/{rel}","templated":true}]}}