{"id":2003,"date":"2021-07-16T20:00:03","date_gmt":"2021-07-16T23:00:03","guid":{"rendered":"https:\/\/quanticamedios.com.ar\/?p=2003"},"modified":"2021-07-16T20:04:03","modified_gmt":"2021-07-16T23:04:03","slug":"vacunas-quilmes-supero-las-300-mil-dosis","status":"publish","type":"post","link":"https:\/\/quanticamedios.com.ar\/?p=2003","title":{"rendered":"Vacunas: Quilmes super\u00f3 las 300 mil dosis"},"content":{"rendered":"\n<p class=\"has-text-align-justify has-medium-font-size\"><strong><em>El Municipio de Quilmes informa que en el distrito m\u00e1s de 300.000 personas ya recibieron la primera dosis de la vacuna contra el COVID-19, en la campa\u00f1a de vacunaci\u00f3n m\u00e1s grande de la historia que llevan adelante de forma conjunta Naci\u00f3n, Provincia y la Comuna.<\/em><\/strong><\/p>\n\n\n\n<p class=\"has-text-align-justify\"><strong><em>\u201c\u00a1Con una alegr\u00eda inmensa alcanzamos las 304.197 personas vacunadas! Quiero agradecer al personal que cumple funciones en los m\u00e1s de 12 centros de vacunaci\u00f3n de Quilmes por el esfuerzo y compromiso de todos los d\u00edas. Sigamos poniendo el hombro que estamos cada vez m\u00e1s cerca de la vida que queremos\u201d<\/em><\/strong>, asegur\u00f3 la intendenta de Quilmes, Mayra Mendoza.<\/p>\n\n\n\n<p class=\"has-text-align-justify\">A las 304.588 primeras dosis ya inoculadas en quilme\u00f1os y quilme\u00f1as, se suman m\u00e1s de 65.391 vacunas aplicadas que corresponden a las segundas dosis, destinadas a completar el esquema y que avanzan a buen ritmo, por lo que el total de vacunas administradas hasta el momento son casi 370.000 aplicaciones. Con una periodicidad sostenida, se inmunizan un promedio de 6.000 personas por d\u00eda en las 12 postas de vacunaci\u00f3n que hay en el distrito.<\/p>\n\n\n\n<p class=\"has-text-align-justify\">En este marco, se destaca el enorme esfuerzo del Gobierno Nacional y el Provincial, que le permite a la Argentina, estar teniendo un ritmo de vacunaci\u00f3n muy r\u00e1pido y tambi\u00e9n valorar el esfuerzo en materia de ciencia y tecnolog\u00eda que permite, adem\u00e1s de traer vacunas permanentemente, ser parte de la producci\u00f3n de dos vacunas, como la Sputnik V y el componente activo de la Astrazeneca, lo marca un ejemplo de soberan\u00eda sanitaria.<\/p>\n\n\n\n<p class=\"has-text-align-justify\">De esta manera, se invita a todos aquellos que no se hayan vacunado y sean mayores de 35 a\u00f1os, a cualquiera de las 12 postas de vacunaci\u00f3n que hay en Quilmes. Adem\u00e1s, se est\u00e1 desarrollando una estrategia complementaria a las 12 postas fijas de vacunaci\u00f3n, en la estaci\u00f3n de Quilmes y en diferentes clubes de barrio para seguir acercando la vacuna a las y los vecinos de Quilmes.<\/p>\n\n\n\n<h2 class=\"wp-block-heading\"><strong>Postas Itinerantes<\/strong><\/h2>\n\n\n\n<p class=\"has-text-align-justify\"><strong><br><\/strong>En tanto, ma\u00f1ana entre las 10 y las 14, se volver\u00e1n a instalar las Postas Itinerantes de Vacunaci\u00f3n Covid-19. En Quilmes, estar\u00e1n ubicadas en la Estaci\u00f3n de Quilmes (Rivadavia y Gaboto, de Quilmes Centro); Centro Comunitario Nuestra Se\u00f1ora de Guadalupe (Calle 816 N\u00b0 1835 entre 888 y 889, en La Matera, Quilmes Oeste); Club Uni\u00f3n (Esquel entre Cuenca y Almirante Brown, a 150 metros de la Estaci\u00f3n de Ezpeleta), y en el Centro de Jubilados y Pensionados Santa Mar\u00eda (Miguel \u00c1ngel Mauri\u00f1o 2384, Bernal Oeste).<\/p>\n","protected":false},"excerpt":{"rendered":"<p>El Municipio de Quilmes informa que en el distrito m\u00e1s de 300.000 personas ya recibieron la primera dosis de la vacuna contra el COVID-19, en la campa\u00f1a de vacunaci\u00f3n m\u00e1s&hellip; <\/p>\n","protected":false},"author":2,"featured_media":505,"comment_status":"open","ping_status":"open","sticky":false,"template":"","format":"standard","meta":{"advanced_seo_description":"","jetpack_seo_html_title":"","jetpack_seo_noindex":false,"jetpack_post_was_ever_published":false,"_jetpack_newsletter_access":"","_jetpack_dont_email_post_to_subs":false,"_jetpack_newsletter_tier_id":0,"_jetpack_memberships_contains_paywalled_content":false,"_jetpack_memberships_contains_paid_content":false,"footnotes":"","jetpack_publicize_message":"","jetpack_publicize_feature_enabled":true,"jetpack_social_post_already_shared":true,"jetpack_social_options":{"image_generator_settings":{"template":"highway","default_image_id":0,"font":"","enabled":false},"version":2}},"categories":[2,33],"tags":[72,63,119,20,192,18,34,42,26,70],"class_list":["post-2003","post","type-post","status-publish","format-standard","has-post-thumbnail","hentry","category-municipios","category-quilmes","tag-coronavirus","tag-covid-19","tag-gobierno-de-la-provincia-de-buenos-aires","tag-gobierno-nacional","tag-pandemia","tag-politica","tag-quilmes","tag-salud","tag-sociedad","tag-vacunas"],"jetpack_publicize_connections":[],"jetpack_featured_media_url":"https:\/\/i0.wp.com\/quanticamedios.com.ar\/wp-content\/uploads\/2021\/03\/Vacuna-Alemana-2.jpg?fit=1004%2C565&ssl=1","jetpack-related-posts":[{"id":3153,"url":"https:\/\/quanticamedios.com.ar\/?p=3153","url_meta":{"origin":2003,"position":0},"title":"COVID &#8211; 19: Quilmes lleg\u00f3 al Mill\u00f3n de dosis de vacunas aplicadas","author":"Gabriel Barrios","date":"12 diciembre, 2021","format":false,"excerpt":"As\u00ed lo inform\u00f3 el municipio. Se destaca la pol\u00edticas publicas implementadas por el Gobierno Nacional y el de la Provincia de Buenos Aires. La intendenta de Quilmes, Mayra Mendoza, inform\u00f3 hoy que se alcanz\u00f3 el mill\u00f3n de dosis aplicadas de la vacuna contra el coronavirus COVID-19 a los vecinos, vecinas\u2026","rel":"","context":"En \u00abMunicipios\u00bb","block_context":{"text":"Municipios","link":"https:\/\/quanticamedios.com.ar\/?cat=2"},"img":{"alt_text":"","src":"https:\/\/i0.wp.com\/quanticamedios.com.ar\/wp-content\/uploads\/2021\/12\/WhatsApp-Image-2021-12-12-at-19.09.38.jpeg?fit=1200%2C801&ssl=1&resize=350%2C200","width":350,"height":200,"srcset":"https:\/\/i0.wp.com\/quanticamedios.com.ar\/wp-content\/uploads\/2021\/12\/WhatsApp-Image-2021-12-12-at-19.09.38.jpeg?fit=1200%2C801&ssl=1&resize=350%2C200 1x, https:\/\/i0.wp.com\/quanticamedios.com.ar\/wp-content\/uploads\/2021\/12\/WhatsApp-Image-2021-12-12-at-19.09.38.jpeg?fit=1200%2C801&ssl=1&resize=525%2C300 1.5x, https:\/\/i0.wp.com\/quanticamedios.com.ar\/wp-content\/uploads\/2021\/12\/WhatsApp-Image-2021-12-12-at-19.09.38.jpeg?fit=1200%2C801&ssl=1&resize=700%2C400 2x, https:\/\/i0.wp.com\/quanticamedios.com.ar\/wp-content\/uploads\/2021\/12\/WhatsApp-Image-2021-12-12-at-19.09.38.jpeg?fit=1200%2C801&ssl=1&resize=1050%2C600 3x"},"classes":[]},{"id":755,"url":"https:\/\/quanticamedios.com.ar\/?p=755","url_meta":{"origin":2003,"position":1},"title":"Konfino: \u00abHay que reforzar las medidas de seguridad, no hay que relajarse\u00bb","author":"Gabriel Barrios","date":"29 marzo, 2021","format":false,"excerpt":"En las \u00faltimas dos semanas se incrementaron en un 52 por ciento los casos de COVID 19 positivos en el distrito, comparando la primera quincena de marzo con la segunda, seg\u00fan estad\u00edsticas de la Secretar\u00eda de Salud municipal.","rel":"","context":"En \u00abMunicipios\u00bb","block_context":{"text":"Municipios","link":"https:\/\/quanticamedios.com.ar\/?cat=2"},"img":{"alt_text":"","src":"https:\/\/i0.wp.com\/quanticamedios.com.ar\/wp-content\/uploads\/2021\/03\/cOVID-Medicos.jpg?fit=1004%2C565&ssl=1&resize=350%2C200","width":350,"height":200,"srcset":"https:\/\/i0.wp.com\/quanticamedios.com.ar\/wp-content\/uploads\/2021\/03\/cOVID-Medicos.jpg?fit=1004%2C565&ssl=1&resize=350%2C200 1x, https:\/\/i0.wp.com\/quanticamedios.com.ar\/wp-content\/uploads\/2021\/03\/cOVID-Medicos.jpg?fit=1004%2C565&ssl=1&resize=525%2C300 1.5x, https:\/\/i0.wp.com\/quanticamedios.com.ar\/wp-content\/uploads\/2021\/03\/cOVID-Medicos.jpg?fit=1004%2C565&ssl=1&resize=700%2C400 2x"},"classes":[]},{"id":877,"url":"https:\/\/quanticamedios.com.ar\/?p=877","url_meta":{"origin":2003,"position":2},"title":"Mayra Mendoza supervis\u00f3 operativo de vacunaci\u00f3n","author":"Gabriel Barrios","date":"9 abril, 2021","format":false,"excerpt":"La intendenta de Quilmes, Mayra Mendoza, supervis\u00f3 el desarrollo de la campa\u00f1a de vacunaci\u00f3n contra el COVID en el Centro de Integraci\u00f3n Comunitario (CIC) La Paz y resalt\u00f3 el avance en las aplicaciones y la necesidad de reforzar los cuidados. Luego se dirigi\u00f3 al CIC IAPI, donde culmin\u00f3 otra jornada\u2026","rel":"","context":"En \u00abMunicipios\u00bb","block_context":{"text":"Municipios","link":"https:\/\/quanticamedios.com.ar\/?cat=2"},"img":{"alt_text":"","src":"https:\/\/i0.wp.com\/quanticamedios.com.ar\/wp-content\/uploads\/2021\/04\/MAYRA-SUPERVISO-LA-APLICACION-DE-VACUNAS-CONTRA-EL-COVID-EN-LA-NUEVA-ETAPA-DE-LA-PANDEMIA-4.jpeg?fit=1024%2C682&ssl=1&resize=350%2C200","width":350,"height":200,"srcset":"https:\/\/i0.wp.com\/quanticamedios.com.ar\/wp-content\/uploads\/2021\/04\/MAYRA-SUPERVISO-LA-APLICACION-DE-VACUNAS-CONTRA-EL-COVID-EN-LA-NUEVA-ETAPA-DE-LA-PANDEMIA-4.jpeg?fit=1024%2C682&ssl=1&resize=350%2C200 1x, https:\/\/i0.wp.com\/quanticamedios.com.ar\/wp-content\/uploads\/2021\/04\/MAYRA-SUPERVISO-LA-APLICACION-DE-VACUNAS-CONTRA-EL-COVID-EN-LA-NUEVA-ETAPA-DE-LA-PANDEMIA-4.jpeg?fit=1024%2C682&ssl=1&resize=525%2C300 1.5x, https:\/\/i0.wp.com\/quanticamedios.com.ar\/wp-content\/uploads\/2021\/04\/MAYRA-SUPERVISO-LA-APLICACION-DE-VACUNAS-CONTRA-EL-COVID-EN-LA-NUEVA-ETAPA-DE-LA-PANDEMIA-4.jpeg?fit=1024%2C682&ssl=1&resize=700%2C400 2x"},"classes":[]},{"id":599,"url":"https:\/\/quanticamedios.com.ar\/?p=599","url_meta":{"origin":2003,"position":3},"title":"Covid &#8211; 19: Quilmes super\u00f3 las 21 mil aplicaciones","author":"Gabriel Barrios","date":"14 marzo, 2021","format":false,"excerpt":"El doctor Jonatan Konfino, titular de la Secretar\u00eda de Salud de Quilmes, indic\u00f3 que en los \u00faltimos d\u00edas se increment\u00f3 la atenci\u00f3n de los turnos diarios y la pr\u00f3xima semana se abrir\u00e1n otras tres sedes para ampliar el esquema de inmunizaciones.","rel":"","context":"En \u00abMunicipios\u00bb","block_context":{"text":"Municipios","link":"https:\/\/quanticamedios.com.ar\/?cat=2"},"img":{"alt_text":"","src":"https:\/\/i0.wp.com\/quanticamedios.com.ar\/wp-content\/uploads\/2021\/03\/Quilmes-supero-los-21-mil-vacunados-2-e1615760152933.jpg?fit=800%2C534&ssl=1&resize=350%2C200","width":350,"height":200,"srcset":"https:\/\/i0.wp.com\/quanticamedios.com.ar\/wp-content\/uploads\/2021\/03\/Quilmes-supero-los-21-mil-vacunados-2-e1615760152933.jpg?fit=800%2C534&ssl=1&resize=350%2C200 1x, https:\/\/i0.wp.com\/quanticamedios.com.ar\/wp-content\/uploads\/2021\/03\/Quilmes-supero-los-21-mil-vacunados-2-e1615760152933.jpg?fit=800%2C534&ssl=1&resize=525%2C300 1.5x, https:\/\/i0.wp.com\/quanticamedios.com.ar\/wp-content\/uploads\/2021\/03\/Quilmes-supero-los-21-mil-vacunados-2-e1615760152933.jpg?fit=800%2C534&ssl=1&resize=700%2C400 2x"},"classes":[]},{"id":5443,"url":"https:\/\/quanticamedios.com.ar\/?p=5443","url_meta":{"origin":2003,"position":4},"title":"Quilmes: Inici\u00f3 la campa\u00f1a de vacunaci\u00f3n antigripal","author":"Gabriel Barrios","date":"27 marzo, 2023","format":false,"excerpt":"El Municipio de Quilmes informa, que desde el lunes 27 sum\u00f3 al resto de la poblaci\u00f3n destinataria la vacunaci\u00f3n antigripal, que hab\u00eda comenzado 10 d\u00edas atr\u00e1s con el personal de salud, en el marco del lanzamiento de la campa\u00f1a de vacunaci\u00f3n antigripal 2023 de la Provincia de Buenos Aires. A\u2026","rel":"","context":"En \u00abSalud\u00bb","block_context":{"text":"Salud","link":"https:\/\/quanticamedios.com.ar\/?cat=117"},"img":{"alt_text":"","src":"https:\/\/i0.wp.com\/quanticamedios.com.ar\/wp-content\/uploads\/2023\/03\/EL-MUNICIPIO-DE-QUILMES-INICIO-LA-CAMPANA-DE-VACUNACION-ANTIGRIPAL-PARA-LA-POBLACION-DESTINATARIA-3.jpg?fit=1200%2C967&ssl=1&resize=350%2C200","width":350,"height":200,"srcset":"https:\/\/i0.wp.com\/quanticamedios.com.ar\/wp-content\/uploads\/2023\/03\/EL-MUNICIPIO-DE-QUILMES-INICIO-LA-CAMPANA-DE-VACUNACION-ANTIGRIPAL-PARA-LA-POBLACION-DESTINATARIA-3.jpg?fit=1200%2C967&ssl=1&resize=350%2C200 1x, https:\/\/i0.wp.com\/quanticamedios.com.ar\/wp-content\/uploads\/2023\/03\/EL-MUNICIPIO-DE-QUILMES-INICIO-LA-CAMPANA-DE-VACUNACION-ANTIGRIPAL-PARA-LA-POBLACION-DESTINATARIA-3.jpg?fit=1200%2C967&ssl=1&resize=525%2C300 1.5x, https:\/\/i0.wp.com\/quanticamedios.com.ar\/wp-content\/uploads\/2023\/03\/EL-MUNICIPIO-DE-QUILMES-INICIO-LA-CAMPANA-DE-VACUNACION-ANTIGRIPAL-PARA-LA-POBLACION-DESTINATARIA-3.jpg?fit=1200%2C967&ssl=1&resize=700%2C400 2x, https:\/\/i0.wp.com\/quanticamedios.com.ar\/wp-content\/uploads\/2023\/03\/EL-MUNICIPIO-DE-QUILMES-INICIO-LA-CAMPANA-DE-VACUNACION-ANTIGRIPAL-PARA-LA-POBLACION-DESTINATARIA-3.jpg?fit=1200%2C967&ssl=1&resize=1050%2C600 3x"},"classes":[]},{"id":1329,"url":"https:\/\/quanticamedios.com.ar\/?p=1329","url_meta":{"origin":2003,"position":5},"title":"Mayra Mendoza recorri\u00f3 el vacunatorio de la cervecer\u00eda junto a Juan Cabandi\u00e9","author":"Gabriel Barrios","date":"12 mayo, 2021","format":false,"excerpt":"La intendenta de Quilmes, Mayra Mendoza, recorri\u00f3 en el mediod\u00eda de hoy junto al ministro de Ambiente y Desarrollo Sostenible de la Naci\u00f3n, Juan Cabandi\u00e9, el centro de vacunaci\u00f3n que funciona en el Parque de la Cervecer\u00eda, de Quilmes Oeste, que es una de las 12 postas vacunatorias con las\u2026","rel":"","context":"En \u00abQuilmes\u00bb","block_context":{"text":"Quilmes","link":"https:\/\/quanticamedios.com.ar\/?cat=33"},"img":{"alt_text":"","src":"https:\/\/i0.wp.com\/quanticamedios.com.ar\/wp-content\/uploads\/2021\/05\/Quimes-vacunatorio-1.jpg?fit=1024%2C682&ssl=1&resize=350%2C200","width":350,"height":200,"srcset":"https:\/\/i0.wp.com\/quanticamedios.com.ar\/wp-content\/uploads\/2021\/05\/Quimes-vacunatorio-1.jpg?fit=1024%2C682&ssl=1&resize=350%2C200 1x, https:\/\/i0.wp.com\/quanticamedios.com.ar\/wp-content\/uploads\/2021\/05\/Quimes-vacunatorio-1.jpg?fit=1024%2C682&ssl=1&resize=525%2C300 1.5x, https:\/\/i0.wp.com\/quanticamedios.com.ar\/wp-content\/uploads\/2021\/05\/Quimes-vacunatorio-1.jpg?fit=1024%2C682&ssl=1&resize=700%2C400 2x"},"classes":[]}],"jetpack_shortlink":"https:\/\/wp.me\/ph7tt2-wj","jetpack_sharing_enabled":true,"jetpack_likes_enabled":true,"amp_enabled":true,"_links":{"self":[{"href":"https:\/\/quanticamedios.com.ar\/index.php?rest_route=\/wp\/v2\/posts\/2003","targetHints":{"allow":["GET"]}}],"collection":[{"href":"https:\/\/quanticamedios.com.ar\/index.php?rest_route=\/wp\/v2\/posts"}],"about":[{"href":"https:\/\/quanticamedios.com.ar\/index.php?rest_route=\/wp\/v2\/types\/post"}],"author":[{"embeddable":true,"href":"https:\/\/quanticamedios.com.ar\/index.php?rest_route=\/wp\/v2\/users\/2"}],"replies":[{"embeddable":true,"href":"https:\/\/quanticamedios.com.ar\/index.php?rest_route=%2Fwp%2Fv2%2Fcomments&post=2003"}],"version-history":[{"count":1,"href":"https:\/\/quanticamedios.com.ar\/index.php?rest_route=\/wp\/v2\/posts\/2003\/revisions"}],"predecessor-version":[{"id":2004,"href":"https:\/\/quanticamedios.com.ar\/index.php?rest_route=\/wp\/v2\/posts\/2003\/revisions\/2004"}],"wp:featuredmedia":[{"embeddable":true,"href":"https:\/\/quanticamedios.com.ar\/index.php?rest_route=\/wp\/v2\/media\/505"}],"wp:attachment":[{"href":"https:\/\/quanticamedios.com.ar\/index.php?rest_route=%2Fwp%2Fv2%2Fmedia&parent=2003"}],"wp:term":[{"taxonomy":"category","embeddable":true,"href":"https:\/\/quanticamedios.com.ar\/index.php?rest_route=%2Fwp%2Fv2%2Fcategories&post=2003"},{"taxonomy":"post_tag","embeddable":true,"href":"https:\/\/quanticamedios.com.ar\/index.php?rest_route=%2Fwp%2Fv2%2Ftags&post=2003"}],"curies":[{"name":"wp","href":"https:\/\/api.w.org\/{rel}","templated":true}]}}