{"id":2005,"date":"2021-07-16T20:09:00","date_gmt":"2021-07-16T23:09:00","guid":{"rendered":"https:\/\/quanticamedios.com.ar\/?p=2005"},"modified":"2021-07-16T20:09:00","modified_gmt":"2021-07-16T23:09:00","slug":"viviendas-el-municipio-quilmeno-reactiva-obras-en-los-eucaliptus","status":"publish","type":"post","link":"https:\/\/quanticamedios.com.ar\/?p=2005","title":{"rendered":"Viviendas: El municipio quilme\u00f1o reactiva obras en Los Eucaliptus"},"content":{"rendered":"\n<p class=\"has-text-align-justify has-medium-font-size\"><strong><em>El Municipio de Quilmes avanza con el proyecto de construcci\u00f3n de 24 viviendas en el barrio Los Eucaliptus, de Quilmes Oeste, en un trabajo articulado con el Ministerio de Desarrollo Territorial y H\u00e1bitat de la Naci\u00f3n.<\/em><\/strong><\/p>\n\n\n\n<p class=\"has-text-align-justify\">De esas 24 viviendas, 16 est\u00e1n en etapa de terminaci\u00f3n y 8 se construir\u00e1n de cero. El proyecto incluye tambi\u00e9n nuevos pavimentos con cord\u00f3n cuneta, ejecuci\u00f3n de veredas y rampas de accesibilidad e instalaci\u00f3n de luminarias. El \u00e1rea de intervenci\u00f3n es la calle Jujuy y Pasaje D.<\/p>\n\n\n\n<p class=\"has-text-align-justify\">Las tareas que se est\u00e1n desarrollando actualmente son de limpieza; instalaci\u00f3n de cables, interruptores y m\u00f3dulos; aplicaci\u00f3n de fijador en todas las paredes para luego poder pintarlas; verificaci\u00f3n del estado de las ca\u00f1er\u00edas de gas; ejecuci\u00f3n de las banquinas de hormig\u00f3n para las mesadas de las cocinas; pintura de las puertas de los dormitorios; y ejecuci\u00f3n del pleno en los ba\u00f1os, ya que es el lugar por donde pasan las ca\u00f1er\u00edas cloacales en sentido vertical.<\/p>\n\n\n\n<p class=\"has-text-align-justify\">La obra de viviendas hab\u00eda comenzado en 2015 y qued\u00f3 paralizada en 2018, durante la gesti\u00f3n anterior. Ahora se pudo reactivar gracias al programa \u201cReconstruir\u201d, del citado Ministerio nacional, cuyo objetivo es promover y financiar la finalizaci\u00f3n de obras en proceso de construcci\u00f3n con aportes del Estado Nacional, en pos de favorecer el desarrollo y mejoramiento de las condiciones del h\u00e1bitat.<\/p>\n\n\n\n<div class=\"wp-block-jetpack-tiled-gallery aligncenter is-style-rectangular\"><div class=\"tiled-gallery__gallery\"><div class=\"tiled-gallery__row\"><div class=\"tiled-gallery__col\" style=\"flex-basis:66.78749%\"><figure class=\"tiled-gallery__item\"><img decoding=\"async\" data-attachment-id=\"2006\" data-permalink=\"https:\/\/quanticamedios.com.ar\/?attachment_id=2006\" data-orig-file=\"https:\/\/i0.wp.com\/quanticamedios.com.ar\/wp-content\/uploads\/2021\/07\/Reactivaron-obras-de-viviendas-2.jpg?fit=1280%2C853&amp;ssl=1\" data-orig-size=\"1280,853\" data-comments-opened=\"1\" data-image-meta=\"{&quot;aperture&quot;:&quot;0&quot;,&quot;credit&quot;:&quot;&quot;,&quot;camera&quot;:&quot;&quot;,&quot;caption&quot;:&quot;&quot;,&quot;created_timestamp&quot;:&quot;0&quot;,&quot;copyright&quot;:&quot;&quot;,&quot;focal_length&quot;:&quot;0&quot;,&quot;iso&quot;:&quot;0&quot;,&quot;shutter_speed&quot;:&quot;0&quot;,&quot;title&quot;:&quot;&quot;,&quot;orientation&quot;:&quot;0&quot;}\" data-image-title=\"Reactivaron-obras-de-viviendas-2\" data-image-description=\"\" data-image-caption=\"\" data-large-file=\"https:\/\/i0.wp.com\/quanticamedios.com.ar\/wp-content\/uploads\/2021\/07\/Reactivaron-obras-de-viviendas-2.jpg?fit=1024%2C682&amp;ssl=1\" data-attachment-id=\"2006\" data-permalink=\"https:\/\/quanticamedios.com.ar\/?attachment_id=2006\" data-orig-file=\"https:\/\/i0.wp.com\/quanticamedios.com.ar\/wp-content\/uploads\/2021\/07\/Reactivaron-obras-de-viviendas-2.jpg?fit=1280%2C853&amp;ssl=1\" data-orig-size=\"1280,853\" data-comments-opened=\"1\" data-image-meta=\"{&quot;aperture&quot;:&quot;0&quot;,&quot;credit&quot;:&quot;&quot;,&quot;camera&quot;:&quot;&quot;,&quot;caption&quot;:&quot;&quot;,&quot;created_timestamp&quot;:&quot;0&quot;,&quot;copyright&quot;:&quot;&quot;,&quot;focal_length&quot;:&quot;0&quot;,&quot;iso&quot;:&quot;0&quot;,&quot;shutter_speed&quot;:&quot;0&quot;,&quot;title&quot;:&quot;&quot;,&quot;orientation&quot;:&quot;0&quot;}\" data-image-title=\"Reactivaron-obras-de-viviendas-2\" data-image-description=\"\" data-image-caption=\"\" data-large-file=\"https:\/\/i0.wp.com\/quanticamedios.com.ar\/wp-content\/uploads\/2021\/07\/Reactivaron-obras-de-viviendas-2.jpg?fit=1024%2C682&amp;ssl=1\" role=\"button\" tabindex=\"0\" aria-label=\"Abrir la imagen 1 de 4 en pantalla completa\"data-srcset=\"https:\/\/i2.wp.com\/quanticaradio.com.ar\/wp-content\/uploads\/2021\/07\/Reactivaron-obras-de-viviendas-2.jpg?strip=info&#038;w=600&#038;ssl=1 600w,https:\/\/i2.wp.com\/quanticaradio.com.ar\/wp-content\/uploads\/2021\/07\/Reactivaron-obras-de-viviendas-2.jpg?strip=info&#038;w=900&#038;ssl=1 900w,https:\/\/i2.wp.com\/quanticaradio.com.ar\/wp-content\/uploads\/2021\/07\/Reactivaron-obras-de-viviendas-2.jpg?strip=info&#038;w=1200&#038;ssl=1 1200w,https:\/\/i2.wp.com\/quanticaradio.com.ar\/wp-content\/uploads\/2021\/07\/Reactivaron-obras-de-viviendas-2.jpg?strip=info&#038;w=1280&#038;ssl=1 1280w\" alt=\"\" data-height=\"853\" data-id=\"2006\" data-link=\"https:\/\/quanticamedios.com.ar\/?attachment_id=2006\" data-url=\"https:\/\/quanticamedios.com.ar\/wp-content\/uploads\/2021\/07\/Reactivaron-obras-de-viviendas-2.jpg\" data-width=\"1280\" data-src=\"https:\/\/i2.wp.com\/quanticaradio.com.ar\/wp-content\/uploads\/2021\/07\/Reactivaron-obras-de-viviendas-2.jpg?ssl=1\" data-amp-layout=\"responsive\" src=\"data:image\/svg+xml;base64,PHN2ZyB3aWR0aD0iMSIgaGVpZ2h0PSIxIiB4bWxucz0iaHR0cDovL3d3dy53My5vcmcvMjAwMC9zdmciPjwvc3ZnPg==\" class=\"lazyload\" \/><\/figure><\/div><div class=\"tiled-gallery__col\" style=\"flex-basis:33.21251%\"><figure class=\"tiled-gallery__item\"><img decoding=\"async\" data-attachment-id=\"2007\" data-permalink=\"https:\/\/quanticamedios.com.ar\/?attachment_id=2007\" data-orig-file=\"https:\/\/i0.wp.com\/quanticamedios.com.ar\/wp-content\/uploads\/2021\/07\/Reactivaron-obras-de-viviendas-3.jpg?fit=1280%2C853&amp;ssl=1\" data-orig-size=\"1280,853\" data-comments-opened=\"1\" data-image-meta=\"{&quot;aperture&quot;:&quot;0&quot;,&quot;credit&quot;:&quot;&quot;,&quot;camera&quot;:&quot;&quot;,&quot;caption&quot;:&quot;&quot;,&quot;created_timestamp&quot;:&quot;0&quot;,&quot;copyright&quot;:&quot;&quot;,&quot;focal_length&quot;:&quot;0&quot;,&quot;iso&quot;:&quot;0&quot;,&quot;shutter_speed&quot;:&quot;0&quot;,&quot;title&quot;:&quot;&quot;,&quot;orientation&quot;:&quot;0&quot;}\" data-image-title=\"Reactivaron-obras-de-viviendas-3\" data-image-description=\"\" data-image-caption=\"\" data-large-file=\"https:\/\/i0.wp.com\/quanticamedios.com.ar\/wp-content\/uploads\/2021\/07\/Reactivaron-obras-de-viviendas-3.jpg?fit=1024%2C682&amp;ssl=1\" data-attachment-id=\"2007\" data-permalink=\"https:\/\/quanticamedios.com.ar\/?attachment_id=2007\" data-orig-file=\"https:\/\/i0.wp.com\/quanticamedios.com.ar\/wp-content\/uploads\/2021\/07\/Reactivaron-obras-de-viviendas-3.jpg?fit=1280%2C853&amp;ssl=1\" data-orig-size=\"1280,853\" data-comments-opened=\"1\" data-image-meta=\"{&quot;aperture&quot;:&quot;0&quot;,&quot;credit&quot;:&quot;&quot;,&quot;camera&quot;:&quot;&quot;,&quot;caption&quot;:&quot;&quot;,&quot;created_timestamp&quot;:&quot;0&quot;,&quot;copyright&quot;:&quot;&quot;,&quot;focal_length&quot;:&quot;0&quot;,&quot;iso&quot;:&quot;0&quot;,&quot;shutter_speed&quot;:&quot;0&quot;,&quot;title&quot;:&quot;&quot;,&quot;orientation&quot;:&quot;0&quot;}\" data-image-title=\"Reactivaron-obras-de-viviendas-3\" data-image-description=\"\" data-image-caption=\"\" data-large-file=\"https:\/\/i0.wp.com\/quanticamedios.com.ar\/wp-content\/uploads\/2021\/07\/Reactivaron-obras-de-viviendas-3.jpg?fit=1024%2C682&amp;ssl=1\" role=\"button\" tabindex=\"0\" aria-label=\"Abrir la imagen 2 de 4 en pantalla completa\"data-srcset=\"https:\/\/i2.wp.com\/quanticaradio.com.ar\/wp-content\/uploads\/2021\/07\/Reactivaron-obras-de-viviendas-3.jpg?strip=info&#038;w=600&#038;ssl=1 600w,https:\/\/i2.wp.com\/quanticaradio.com.ar\/wp-content\/uploads\/2021\/07\/Reactivaron-obras-de-viviendas-3.jpg?strip=info&#038;w=900&#038;ssl=1 900w,https:\/\/i2.wp.com\/quanticaradio.com.ar\/wp-content\/uploads\/2021\/07\/Reactivaron-obras-de-viviendas-3.jpg?strip=info&#038;w=1200&#038;ssl=1 1200w,https:\/\/i2.wp.com\/quanticaradio.com.ar\/wp-content\/uploads\/2021\/07\/Reactivaron-obras-de-viviendas-3.jpg?strip=info&#038;w=1280&#038;ssl=1 1280w\" alt=\"\" data-height=\"853\" data-id=\"2007\" data-link=\"https:\/\/quanticamedios.com.ar\/?attachment_id=2007\" data-url=\"https:\/\/quanticamedios.com.ar\/wp-content\/uploads\/2021\/07\/Reactivaron-obras-de-viviendas-3.jpg\" data-width=\"1280\" data-src=\"https:\/\/i2.wp.com\/quanticaradio.com.ar\/wp-content\/uploads\/2021\/07\/Reactivaron-obras-de-viviendas-3.jpg?ssl=1\" data-amp-layout=\"responsive\" src=\"data:image\/svg+xml;base64,PHN2ZyB3aWR0aD0iMSIgaGVpZ2h0PSIxIiB4bWxucz0iaHR0cDovL3d3dy53My5vcmcvMjAwMC9zdmciPjwvc3ZnPg==\" class=\"lazyload\" \/><\/figure><figure class=\"tiled-gallery__item\"><img decoding=\"async\" data-attachment-id=\"2008\" data-permalink=\"https:\/\/quanticamedios.com.ar\/?attachment_id=2008\" data-orig-file=\"https:\/\/i0.wp.com\/quanticamedios.com.ar\/wp-content\/uploads\/2021\/07\/Reactivaron-obras-de-viviendas-1.jpg?fit=1280%2C853&amp;ssl=1\" data-orig-size=\"1280,853\" data-comments-opened=\"1\" data-image-meta=\"{&quot;aperture&quot;:&quot;0&quot;,&quot;credit&quot;:&quot;&quot;,&quot;camera&quot;:&quot;&quot;,&quot;caption&quot;:&quot;&quot;,&quot;created_timestamp&quot;:&quot;0&quot;,&quot;copyright&quot;:&quot;&quot;,&quot;focal_length&quot;:&quot;0&quot;,&quot;iso&quot;:&quot;0&quot;,&quot;shutter_speed&quot;:&quot;0&quot;,&quot;title&quot;:&quot;&quot;,&quot;orientation&quot;:&quot;0&quot;}\" data-image-title=\"Reactivaron-obras-de-viviendas-1\" data-image-description=\"\" data-image-caption=\"\" data-large-file=\"https:\/\/i0.wp.com\/quanticamedios.com.ar\/wp-content\/uploads\/2021\/07\/Reactivaron-obras-de-viviendas-1.jpg?fit=1024%2C682&amp;ssl=1\" data-attachment-id=\"2008\" data-permalink=\"https:\/\/quanticamedios.com.ar\/?attachment_id=2008\" data-orig-file=\"https:\/\/i0.wp.com\/quanticamedios.com.ar\/wp-content\/uploads\/2021\/07\/Reactivaron-obras-de-viviendas-1.jpg?fit=1280%2C853&amp;ssl=1\" data-orig-size=\"1280,853\" data-comments-opened=\"1\" data-image-meta=\"{&quot;aperture&quot;:&quot;0&quot;,&quot;credit&quot;:&quot;&quot;,&quot;camera&quot;:&quot;&quot;,&quot;caption&quot;:&quot;&quot;,&quot;created_timestamp&quot;:&quot;0&quot;,&quot;copyright&quot;:&quot;&quot;,&quot;focal_length&quot;:&quot;0&quot;,&quot;iso&quot;:&quot;0&quot;,&quot;shutter_speed&quot;:&quot;0&quot;,&quot;title&quot;:&quot;&quot;,&quot;orientation&quot;:&quot;0&quot;}\" data-image-title=\"Reactivaron-obras-de-viviendas-1\" data-image-description=\"\" data-image-caption=\"\" data-large-file=\"https:\/\/i0.wp.com\/quanticamedios.com.ar\/wp-content\/uploads\/2021\/07\/Reactivaron-obras-de-viviendas-1.jpg?fit=1024%2C682&amp;ssl=1\" role=\"button\" tabindex=\"0\" aria-label=\"Abrir la imagen 3 de 4 en pantalla completa\"data-srcset=\"https:\/\/i1.wp.com\/quanticaradio.com.ar\/wp-content\/uploads\/2021\/07\/Reactivaron-obras-de-viviendas-1.jpg?strip=info&#038;w=600&#038;ssl=1 600w,https:\/\/i1.wp.com\/quanticaradio.com.ar\/wp-content\/uploads\/2021\/07\/Reactivaron-obras-de-viviendas-1.jpg?strip=info&#038;w=900&#038;ssl=1 900w,https:\/\/i1.wp.com\/quanticaradio.com.ar\/wp-content\/uploads\/2021\/07\/Reactivaron-obras-de-viviendas-1.jpg?strip=info&#038;w=1200&#038;ssl=1 1200w,https:\/\/i1.wp.com\/quanticaradio.com.ar\/wp-content\/uploads\/2021\/07\/Reactivaron-obras-de-viviendas-1.jpg?strip=info&#038;w=1280&#038;ssl=1 1280w\" alt=\"\" data-height=\"853\" data-id=\"2008\" data-link=\"https:\/\/quanticamedios.com.ar\/?attachment_id=2008\" data-url=\"https:\/\/quanticamedios.com.ar\/wp-content\/uploads\/2021\/07\/Reactivaron-obras-de-viviendas-1.jpg\" data-width=\"1280\" data-src=\"https:\/\/i1.wp.com\/quanticaradio.com.ar\/wp-content\/uploads\/2021\/07\/Reactivaron-obras-de-viviendas-1.jpg?ssl=1\" data-amp-layout=\"responsive\" src=\"data:image\/svg+xml;base64,PHN2ZyB3aWR0aD0iMSIgaGVpZ2h0PSIxIiB4bWxucz0iaHR0cDovL3d3dy53My5vcmcvMjAwMC9zdmciPjwvc3ZnPg==\" class=\"lazyload\" \/><\/figure><\/div><\/div><div class=\"tiled-gallery__row\"><div class=\"tiled-gallery__col\" style=\"flex-basis:100.00000%\"><figure class=\"tiled-gallery__item\"><img decoding=\"async\" data-attachment-id=\"2009\" data-permalink=\"https:\/\/quanticamedios.com.ar\/?attachment_id=2009\" data-orig-file=\"https:\/\/i0.wp.com\/quanticamedios.com.ar\/wp-content\/uploads\/2021\/07\/Reactivaron-obras-de-viviendas-4.jpg?fit=1280%2C853&amp;ssl=1\" data-orig-size=\"1280,853\" data-comments-opened=\"1\" data-image-meta=\"{&quot;aperture&quot;:&quot;0&quot;,&quot;credit&quot;:&quot;&quot;,&quot;camera&quot;:&quot;&quot;,&quot;caption&quot;:&quot;&quot;,&quot;created_timestamp&quot;:&quot;0&quot;,&quot;copyright&quot;:&quot;&quot;,&quot;focal_length&quot;:&quot;0&quot;,&quot;iso&quot;:&quot;0&quot;,&quot;shutter_speed&quot;:&quot;0&quot;,&quot;title&quot;:&quot;&quot;,&quot;orientation&quot;:&quot;0&quot;}\" data-image-title=\"Reactivaron-obras-de-viviendas-4\" data-image-description=\"\" data-image-caption=\"\" data-large-file=\"https:\/\/i0.wp.com\/quanticamedios.com.ar\/wp-content\/uploads\/2021\/07\/Reactivaron-obras-de-viviendas-4.jpg?fit=1024%2C682&amp;ssl=1\" data-attachment-id=\"2009\" data-permalink=\"https:\/\/quanticamedios.com.ar\/?attachment_id=2009\" data-orig-file=\"https:\/\/i0.wp.com\/quanticamedios.com.ar\/wp-content\/uploads\/2021\/07\/Reactivaron-obras-de-viviendas-4.jpg?fit=1280%2C853&amp;ssl=1\" data-orig-size=\"1280,853\" data-comments-opened=\"1\" data-image-meta=\"{&quot;aperture&quot;:&quot;0&quot;,&quot;credit&quot;:&quot;&quot;,&quot;camera&quot;:&quot;&quot;,&quot;caption&quot;:&quot;&quot;,&quot;created_timestamp&quot;:&quot;0&quot;,&quot;copyright&quot;:&quot;&quot;,&quot;focal_length&quot;:&quot;0&quot;,&quot;iso&quot;:&quot;0&quot;,&quot;shutter_speed&quot;:&quot;0&quot;,&quot;title&quot;:&quot;&quot;,&quot;orientation&quot;:&quot;0&quot;}\" data-image-title=\"Reactivaron-obras-de-viviendas-4\" data-image-description=\"\" data-image-caption=\"\" data-large-file=\"https:\/\/i0.wp.com\/quanticamedios.com.ar\/wp-content\/uploads\/2021\/07\/Reactivaron-obras-de-viviendas-4.jpg?fit=1024%2C682&amp;ssl=1\" role=\"button\" tabindex=\"0\" aria-label=\"Abrir la imagen 4 de 4 en pantalla completa\"data-srcset=\"https:\/\/i0.wp.com\/quanticaradio.com.ar\/wp-content\/uploads\/2021\/07\/Reactivaron-obras-de-viviendas-4.jpg?strip=info&#038;w=600&#038;ssl=1 600w,https:\/\/i0.wp.com\/quanticaradio.com.ar\/wp-content\/uploads\/2021\/07\/Reactivaron-obras-de-viviendas-4.jpg?strip=info&#038;w=900&#038;ssl=1 900w,https:\/\/i0.wp.com\/quanticaradio.com.ar\/wp-content\/uploads\/2021\/07\/Reactivaron-obras-de-viviendas-4.jpg?strip=info&#038;w=1200&#038;ssl=1 1200w,https:\/\/i0.wp.com\/quanticaradio.com.ar\/wp-content\/uploads\/2021\/07\/Reactivaron-obras-de-viviendas-4.jpg?strip=info&#038;w=1280&#038;ssl=1 1280w\" alt=\"\" data-height=\"853\" data-id=\"2009\" data-link=\"https:\/\/quanticamedios.com.ar\/?attachment_id=2009\" data-url=\"https:\/\/quanticamedios.com.ar\/wp-content\/uploads\/2021\/07\/Reactivaron-obras-de-viviendas-4.jpg\" data-width=\"1280\" data-src=\"https:\/\/i0.wp.com\/quanticaradio.com.ar\/wp-content\/uploads\/2021\/07\/Reactivaron-obras-de-viviendas-4.jpg?ssl=1\" data-amp-layout=\"responsive\" src=\"data:image\/svg+xml;base64,PHN2ZyB3aWR0aD0iMSIgaGVpZ2h0PSIxIiB4bWxucz0iaHR0cDovL3d3dy53My5vcmcvMjAwMC9zdmciPjwvc3ZnPg==\" class=\"lazyload\" \/><\/figure><\/div><\/div><\/div><\/div>\n\n\n\n<p class=\"has-text-align-justify\">Desde la Direcci\u00f3n General de Viviendas local, explicaron que la idea global del proyecto de obras complementarias es que ayuden a que los vecinos est\u00e9n vinculados con los barrios linderos y con las v\u00edas principales. De esta manera, se busca generar una mayor integraci\u00f3n social.<\/p>\n","protected":false},"excerpt":{"rendered":"<p>El Municipio de Quilmes avanza con el proyecto de construcci\u00f3n de 24 viviendas en el barrio Los Eucaliptus, de Quilmes Oeste, en un trabajo articulado con el Ministerio de Desarrollo&hellip; <\/p>\n","protected":false},"author":2,"featured_media":2007,"comment_status":"open","ping_status":"open","sticky":false,"template":"","format":"standard","meta":{"advanced_seo_description":"","jetpack_seo_html_title":"","jetpack_seo_noindex":false,"jetpack_post_was_ever_published":false,"_jetpack_newsletter_access":"","_jetpack_dont_email_post_to_subs":false,"_jetpack_newsletter_tier_id":0,"_jetpack_memberships_contains_paywalled_content":false,"_jetpack_memberships_contains_paid_content":false,"footnotes":"","jetpack_publicize_message":"","jetpack_publicize_feature_enabled":true,"jetpack_social_post_already_shared":true,"jetpack_social_options":{"image_generator_settings":{"template":"highway","default_image_id":0,"font":"","enabled":false},"version":2}},"categories":[2,33],"tags":[1102,13,18,12,34,1103,26,743],"class_list":["post-2005","post","type-post","status-publish","format-standard","has-post-thumbnail","hentry","category-municipios","category-quilmes","tag-los-eucaliptus","tag-obras","tag-politica","tag-politicas-publicas","tag-quilmes","tag-reconstruir","tag-sociedad","tag-viviendas"],"jetpack_publicize_connections":[],"jetpack_featured_media_url":"https:\/\/i0.wp.com\/quanticamedios.com.ar\/wp-content\/uploads\/2021\/07\/Reactivaron-obras-de-viviendas-3.jpg?fit=1280%2C853&ssl=1","jetpack-related-posts":[{"id":5277,"url":"https:\/\/quanticamedios.com.ar\/?p=5277","url_meta":{"origin":2005,"position":0},"title":"Ezpeleta: comenz\u00f3 la construcci\u00f3n de 48 viviendas en el Barrio Fratassi","author":"Gabriel Barrios","date":"7 marzo, 2023","format":false,"excerpt":"Desde la Secretar\u00eda de Desarrollo Urbano y Obra P\u00fablica local detallaron que actualmente, se est\u00e1n realizando las tareas correspondientes para el hormigonado de bases. El Municipio de Quilmes informa que d\u00edas atr\u00e1s comenz\u00f3 la construcci\u00f3n de 48 viviendas nuevas en el barrio Fratassi, ubicado en la zona de las calles\u2026","rel":"","context":"En \u00abMunicipios\u00bb","block_context":{"text":"Municipios","link":"https:\/\/quanticamedios.com.ar\/?cat=2"},"img":{"alt_text":"","src":"https:\/\/i0.wp.com\/quanticamedios.com.ar\/wp-content\/uploads\/2023\/03\/CONSTRUCCION-DE-VIVIENDAS-EN-EL-BARRIO-FRATASSI-1.jpeg?fit=1079%2C719&ssl=1&resize=350%2C200","width":350,"height":200,"srcset":"https:\/\/i0.wp.com\/quanticamedios.com.ar\/wp-content\/uploads\/2023\/03\/CONSTRUCCION-DE-VIVIENDAS-EN-EL-BARRIO-FRATASSI-1.jpeg?fit=1079%2C719&ssl=1&resize=350%2C200 1x, https:\/\/i0.wp.com\/quanticamedios.com.ar\/wp-content\/uploads\/2023\/03\/CONSTRUCCION-DE-VIVIENDAS-EN-EL-BARRIO-FRATASSI-1.jpeg?fit=1079%2C719&ssl=1&resize=525%2C300 1.5x, https:\/\/i0.wp.com\/quanticamedios.com.ar\/wp-content\/uploads\/2023\/03\/CONSTRUCCION-DE-VIVIENDAS-EN-EL-BARRIO-FRATASSI-1.jpeg?fit=1079%2C719&ssl=1&resize=700%2C400 2x, https:\/\/i0.wp.com\/quanticamedios.com.ar\/wp-content\/uploads\/2023\/03\/CONSTRUCCION-DE-VIVIENDAS-EN-EL-BARRIO-FRATASSI-1.jpeg?fit=1079%2C719&ssl=1&resize=1050%2C600 3x"},"classes":[]},{"id":2264,"url":"https:\/\/quanticamedios.com.ar\/?p=2264","url_meta":{"origin":2005,"position":1},"title":"Entregaron creditos hipotecarios en Quilmes","author":"Gabriel Barrios","date":"14 agosto, 2021","format":false,"excerpt":"La intendenta de Quilmes, Mayra Mendoza, y el ministro de H\u00e1bitat y Desarrollo Territorial de la Naci\u00f3n, Jorge Ferraresi, encabezaron este mediod\u00eda una nueva entrega de cr\u00e9ditos hipotecarios a adjudicatarios de la l\u00ednea Construcci\u00f3n de Procrear II para vecinos de Quilmes. Particip\u00f3 tambi\u00e9n de la actividad la secretaria de Desarrollo\u2026","rel":"","context":"En \u00abPol\u00edtica\u00bb","block_context":{"text":"Pol\u00edtica","link":"https:\/\/quanticamedios.com.ar\/?cat=15"},"img":{"alt_text":"","src":"https:\/\/i0.wp.com\/quanticamedios.com.ar\/wp-content\/uploads\/2021\/08\/Nueva-entrega-de-creditos-hipotecarios-1.jpg?fit=1024%2C682&ssl=1&resize=350%2C200","width":350,"height":200,"srcset":"https:\/\/i0.wp.com\/quanticamedios.com.ar\/wp-content\/uploads\/2021\/08\/Nueva-entrega-de-creditos-hipotecarios-1.jpg?fit=1024%2C682&ssl=1&resize=350%2C200 1x, https:\/\/i0.wp.com\/quanticamedios.com.ar\/wp-content\/uploads\/2021\/08\/Nueva-entrega-de-creditos-hipotecarios-1.jpg?fit=1024%2C682&ssl=1&resize=525%2C300 1.5x, https:\/\/i0.wp.com\/quanticamedios.com.ar\/wp-content\/uploads\/2021\/08\/Nueva-entrega-de-creditos-hipotecarios-1.jpg?fit=1024%2C682&ssl=1&resize=700%2C400 2x"},"classes":[]},{"id":1380,"url":"https:\/\/quanticamedios.com.ar\/?p=1380","url_meta":{"origin":2005,"position":2},"title":"Entregaron cr\u00e9ditos hipotecarios a vecinos quilme\u00f1os","author":"Gabriel Barrios","date":"18 mayo, 2021","format":false,"excerpt":"Mayra Mendoza y el ministro Ferraresi hicieron entrega de cr\u00e9ditos para la construcci\u00f3n de viviendas. La actividad se desarroll\u00f3 en la sede del Banco Hipotecario ubicada en Reconquista 101, de la Ciudad Aut\u00f3noma de Buenos Aires. La intendenta de Quilmes, Mayra Mendoza, y el ministro de Desarrollo Territorial y H\u00e1bitat\u2026","rel":"","context":"En \u00abPol\u00edtica\u00bb","block_context":{"text":"Pol\u00edtica","link":"https:\/\/quanticamedios.com.ar\/?cat=15"},"img":{"alt_text":"","src":"https:\/\/i0.wp.com\/quanticamedios.com.ar\/wp-content\/uploads\/2021\/05\/MAYRA-MENDOZA-Y-EL-MINISTRO-FERRARESI-ENTREGARON-CREDITOS-HIPOTECARIOS-PARA-CONSTRUCCION-A-VECINOS-QUILMENOS-2.jpeg?fit=1024%2C682&ssl=1&resize=350%2C200","width":350,"height":200,"srcset":"https:\/\/i0.wp.com\/quanticamedios.com.ar\/wp-content\/uploads\/2021\/05\/MAYRA-MENDOZA-Y-EL-MINISTRO-FERRARESI-ENTREGARON-CREDITOS-HIPOTECARIOS-PARA-CONSTRUCCION-A-VECINOS-QUILMENOS-2.jpeg?fit=1024%2C682&ssl=1&resize=350%2C200 1x, https:\/\/i0.wp.com\/quanticamedios.com.ar\/wp-content\/uploads\/2021\/05\/MAYRA-MENDOZA-Y-EL-MINISTRO-FERRARESI-ENTREGARON-CREDITOS-HIPOTECARIOS-PARA-CONSTRUCCION-A-VECINOS-QUILMENOS-2.jpeg?fit=1024%2C682&ssl=1&resize=525%2C300 1.5x, https:\/\/i0.wp.com\/quanticamedios.com.ar\/wp-content\/uploads\/2021\/05\/MAYRA-MENDOZA-Y-EL-MINISTRO-FERRARESI-ENTREGARON-CREDITOS-HIPOTECARIOS-PARA-CONSTRUCCION-A-VECINOS-QUILMENOS-2.jpeg?fit=1024%2C682&ssl=1&resize=700%2C400 2x"},"classes":[]},{"id":1619,"url":"https:\/\/quanticamedios.com.ar\/?p=1619","url_meta":{"origin":2005,"position":3},"title":"Contin\u00faan los trabajos de \u00abPlan Escuelas a la Obra\u00bb","author":"Gabriel Barrios","date":"10 junio, 2021","format":false,"excerpt":"La intendenta de Quilmes, Mayra Mendoza, recorri\u00f3 las obras de refacci\u00f3n integral realizadas en el edificio donde funcionan la Escuela Primaria N\u00ba 1 y la Secundaria N\u00ba 7, con entrada por la peatonal Rivadavia N\u00ba 373, y el Jard\u00edn de Infantes N\u00ba 921, con entrada por la calle Alem N\u00ba\u2026","rel":"","context":"En \u00abMunicipios\u00bb","block_context":{"text":"Municipios","link":"https:\/\/quanticamedios.com.ar\/?cat=2"},"img":{"alt_text":"","src":"https:\/\/i0.wp.com\/quanticamedios.com.ar\/wp-content\/uploads\/2021\/06\/Mayra-recorrio-obras-en-edificio-escuela-1-3.jpg?fit=1024%2C682&ssl=1&resize=350%2C200","width":350,"height":200,"srcset":"https:\/\/i0.wp.com\/quanticamedios.com.ar\/wp-content\/uploads\/2021\/06\/Mayra-recorrio-obras-en-edificio-escuela-1-3.jpg?fit=1024%2C682&ssl=1&resize=350%2C200 1x, https:\/\/i0.wp.com\/quanticamedios.com.ar\/wp-content\/uploads\/2021\/06\/Mayra-recorrio-obras-en-edificio-escuela-1-3.jpg?fit=1024%2C682&ssl=1&resize=525%2C300 1.5x, https:\/\/i0.wp.com\/quanticamedios.com.ar\/wp-content\/uploads\/2021\/06\/Mayra-recorrio-obras-en-edificio-escuela-1-3.jpg?fit=1024%2C682&ssl=1&resize=700%2C400 2x"},"classes":[]},{"id":2069,"url":"https:\/\/quanticamedios.com.ar\/?p=2069","url_meta":{"origin":2005,"position":4},"title":"Obras el\u00e9ctricas en Quilmes. Municipio firma acuerdo con EDESUR","author":"Gabriel Barrios","date":"22 julio, 2021","format":false,"excerpt":"El Municipio de Quilmes y Edesur firmaron ayer un acuerdo para la realizaci\u00f3n de obras de infraestructura para la mejora del servicio en cuatro barrios del partido durante el segundo semestre de 2021. De la firma participaron la intendenta de Quilmes, Mayra Mendoza; el presidente de Edesur, Juan Carlos Blanco\u2026","rel":"","context":"En \u00abMunicipios\u00bb","block_context":{"text":"Municipios","link":"https:\/\/quanticamedios.com.ar\/?cat=2"},"img":{"alt_text":"","src":"https:\/\/i0.wp.com\/quanticamedios.com.ar\/wp-content\/uploads\/2021\/07\/Firma-de-acuerdo-Quilmes-y-Edesur-1.jpg?fit=1024%2C682&ssl=1&resize=350%2C200","width":350,"height":200,"srcset":"https:\/\/i0.wp.com\/quanticamedios.com.ar\/wp-content\/uploads\/2021\/07\/Firma-de-acuerdo-Quilmes-y-Edesur-1.jpg?fit=1024%2C682&ssl=1&resize=350%2C200 1x, https:\/\/i0.wp.com\/quanticamedios.com.ar\/wp-content\/uploads\/2021\/07\/Firma-de-acuerdo-Quilmes-y-Edesur-1.jpg?fit=1024%2C682&ssl=1&resize=525%2C300 1.5x, https:\/\/i0.wp.com\/quanticamedios.com.ar\/wp-content\/uploads\/2021\/07\/Firma-de-acuerdo-Quilmes-y-Edesur-1.jpg?fit=1024%2C682&ssl=1&resize=700%2C400 2x"},"classes":[]},{"id":1713,"url":"https:\/\/quanticamedios.com.ar\/?p=1713","url_meta":{"origin":2005,"position":5},"title":"Potenciar Trabajo: Contin\u00faan las obras coordinadas con el municipio de Quilmes","author":"Gabriel Barrios","date":"23 junio, 2021","format":false,"excerpt":"El Municipio de Quilmes informa que los m\u00e1s de 1.300 titulares de planes sociales que integran el programa Potenciar Trabajo, una iniciativa articulada entre los Gobiernos Nacional, Provincial y Municipal, llevan adelante diferentes tareas que a diario contribuyen a mejorar y a embellecer nuestra ciudad. Entre ellas est\u00e1n las distintas\u2026","rel":"","context":"En \u00abMunicipios\u00bb","block_context":{"text":"Municipios","link":"https:\/\/quanticamedios.com.ar\/?cat=2"},"img":{"alt_text":"","src":"https:\/\/i0.wp.com\/quanticamedios.com.ar\/wp-content\/uploads\/2021\/06\/Obras-Potenciar-Trabajo-2.jpg?fit=800%2C533&ssl=1&resize=350%2C200","width":350,"height":200,"srcset":"https:\/\/i0.wp.com\/quanticamedios.com.ar\/wp-content\/uploads\/2021\/06\/Obras-Potenciar-Trabajo-2.jpg?fit=800%2C533&ssl=1&resize=350%2C200 1x, https:\/\/i0.wp.com\/quanticamedios.com.ar\/wp-content\/uploads\/2021\/06\/Obras-Potenciar-Trabajo-2.jpg?fit=800%2C533&ssl=1&resize=525%2C300 1.5x, https:\/\/i0.wp.com\/quanticamedios.com.ar\/wp-content\/uploads\/2021\/06\/Obras-Potenciar-Trabajo-2.jpg?fit=800%2C533&ssl=1&resize=700%2C400 2x"},"classes":[]}],"jetpack_shortlink":"https:\/\/wp.me\/ph7tt2-wl","jetpack_sharing_enabled":true,"jetpack_likes_enabled":true,"amp_enabled":true,"_links":{"self":[{"href":"https:\/\/quanticamedios.com.ar\/index.php?rest_route=\/wp\/v2\/posts\/2005","targetHints":{"allow":["GET"]}}],"collection":[{"href":"https:\/\/quanticamedios.com.ar\/index.php?rest_route=\/wp\/v2\/posts"}],"about":[{"href":"https:\/\/quanticamedios.com.ar\/index.php?rest_route=\/wp\/v2\/types\/post"}],"author":[{"embeddable":true,"href":"https:\/\/quanticamedios.com.ar\/index.php?rest_route=\/wp\/v2\/users\/2"}],"replies":[{"embeddable":true,"href":"https:\/\/quanticamedios.com.ar\/index.php?rest_route=%2Fwp%2Fv2%2Fcomments&post=2005"}],"version-history":[{"count":1,"href":"https:\/\/quanticamedios.com.ar\/index.php?rest_route=\/wp\/v2\/posts\/2005\/revisions"}],"predecessor-version":[{"id":2010,"href":"https:\/\/quanticamedios.com.ar\/index.php?rest_route=\/wp\/v2\/posts\/2005\/revisions\/2010"}],"wp:featuredmedia":[{"embeddable":true,"href":"https:\/\/quanticamedios.com.ar\/index.php?rest_route=\/wp\/v2\/media\/2007"}],"wp:attachment":[{"href":"https:\/\/quanticamedios.com.ar\/index.php?rest_route=%2Fwp%2Fv2%2Fmedia&parent=2005"}],"wp:term":[{"taxonomy":"category","embeddable":true,"href":"https:\/\/quanticamedios.com.ar\/index.php?rest_route=%2Fwp%2Fv2%2Fcategories&post=2005"},{"taxonomy":"post_tag","embeddable":true,"href":"https:\/\/quanticamedios.com.ar\/index.php?rest_route=%2Fwp%2Fv2%2Ftags&post=2005"}],"curies":[{"name":"wp","href":"https:\/\/api.w.org\/{rel}","templated":true}]}}