{"id":2011,"date":"2021-07-16T20:29:15","date_gmt":"2021-07-16T23:29:15","guid":{"rendered":"https:\/\/quanticamedios.com.ar\/?p=2011"},"modified":"2021-07-16T21:19:57","modified_gmt":"2021-07-17T00:19:57","slug":"vacunas-primera-dosis-libre-para-mayores-de-35-en-florencio-varela","status":"publish","type":"post","link":"https:\/\/quanticamedios.com.ar\/?p=2011","title":{"rendered":"Vacunas: primera dosis libre para mayores de 35 en Florencio Varela"},"content":{"rendered":"\n<p class=\"has-text-align-justify has-medium-font-size\"><strong><em>Tal como lo anunci\u00f3 el Gobernador Axel Kicillof comenz\u00f3 la vacunaci\u00f3n libre para mayores de 35 a\u00f1os en el conurbano, en postas especiales ubicados en puntos estrat\u00e9gicos. Se sumaron 100 postas itinerantes de vacunaci\u00f3n por toda la provincia de Buenos Aires y 2.500 promotores de salud que visitaron 75.000 casas.<\/em><\/strong><\/p>\n\n\n\n<p class=\"has-text-align-justify\">Entre hoy y ma\u00f1ana, de 14:00a 20:00 horas, la estaci\u00f3n de trenes Florencio Varela habr\u00e1 una posta de vacunaci\u00f3n que se mantendr\u00e1, en el mismo lugar, durante toda la semana que viene, de las 10:00 a 16:00.<\/p>\n\n\n\n<p class=\"has-text-align-justify\">All\u00ed, se podr\u00e1n inocular con primera dosis, sin necesidad de contar con un turno asignado, todas las personas mayores de 35 a\u00f1os, trabajadores de salud, educaci\u00f3n y seguridad, personas gestantes y mayores de 18 a\u00f1os con comorbilidades.<\/p>\n\n\n\n<p class=\"has-text-align-justify\">Adem\u00e1s, ma\u00f1ana s\u00e1bado funcionar\u00e1 un puesto de vacunaci\u00f3n de la modalidad libre, entre las 14:00 y las 20:00, en la plaza San Juan Bautista, ubicada en avenida San Mart\u00edn y Chacabuco.<\/p>\n\n\n\n<p class=\"has-text-align-justify\">La medida es tomada luego de un fin de semana con r\u00e9cord de vacunaci\u00f3n, gracias a las jornadas de inoculaci\u00f3n comunitaria, que sumaron 100 postas itinerantes de vacunaci\u00f3n por toda la provincia de Buenos Aires y 2.500 promotores de salud que visitaron 75.000 casas, el gobierno de la Provincia repite el exitoso sistema implementado, con el objetivo de inmunizar e inscribir a la mayor cantidad de bonaerenses al plan <strong><em>\u201cBuenos Aires Vac\u00fanate\u201d<\/em><\/strong>.<\/p>\n\n\n\n<div class=\"wp-block-jetpack-tiled-gallery aligncenter is-style-rectangular\"><div class=\"tiled-gallery__gallery\"><div class=\"tiled-gallery__row\"><div class=\"tiled-gallery__col\" style=\"flex-basis:66.77402%\"><figure class=\"tiled-gallery__item\"><img decoding=\"async\" data-attachment-id=\"2012\" data-permalink=\"https:\/\/quanticamedios.com.ar\/?attachment_id=2012\" data-orig-file=\"https:\/\/i0.wp.com\/quanticamedios.com.ar\/wp-content\/uploads\/2021\/07\/Vacuna-libre-4.jpeg?fit=1280%2C960&amp;ssl=1\" data-orig-size=\"1280,960\" data-comments-opened=\"1\" data-image-meta=\"{&quot;aperture&quot;:&quot;0&quot;,&quot;credit&quot;:&quot;&quot;,&quot;camera&quot;:&quot;&quot;,&quot;caption&quot;:&quot;&quot;,&quot;created_timestamp&quot;:&quot;0&quot;,&quot;copyright&quot;:&quot;&quot;,&quot;focal_length&quot;:&quot;0&quot;,&quot;iso&quot;:&quot;0&quot;,&quot;shutter_speed&quot;:&quot;0&quot;,&quot;title&quot;:&quot;&quot;,&quot;orientation&quot;:&quot;0&quot;}\" data-image-title=\"Vacuna-libre-4\" data-image-description=\"\" data-image-caption=\"\" data-large-file=\"https:\/\/i0.wp.com\/quanticamedios.com.ar\/wp-content\/uploads\/2021\/07\/Vacuna-libre-4.jpeg?fit=1024%2C768&amp;ssl=1\" data-attachment-id=\"2012\" data-permalink=\"https:\/\/quanticamedios.com.ar\/?attachment_id=2012\" data-orig-file=\"https:\/\/i0.wp.com\/quanticamedios.com.ar\/wp-content\/uploads\/2021\/07\/Vacuna-libre-4.jpeg?fit=1280%2C960&amp;ssl=1\" data-orig-size=\"1280,960\" data-comments-opened=\"1\" data-image-meta=\"{&quot;aperture&quot;:&quot;0&quot;,&quot;credit&quot;:&quot;&quot;,&quot;camera&quot;:&quot;&quot;,&quot;caption&quot;:&quot;&quot;,&quot;created_timestamp&quot;:&quot;0&quot;,&quot;copyright&quot;:&quot;&quot;,&quot;focal_length&quot;:&quot;0&quot;,&quot;iso&quot;:&quot;0&quot;,&quot;shutter_speed&quot;:&quot;0&quot;,&quot;title&quot;:&quot;&quot;,&quot;orientation&quot;:&quot;0&quot;}\" data-image-title=\"Vacuna-libre-4\" data-image-description=\"\" data-image-caption=\"\" data-large-file=\"https:\/\/i0.wp.com\/quanticamedios.com.ar\/wp-content\/uploads\/2021\/07\/Vacuna-libre-4.jpeg?fit=1024%2C768&amp;ssl=1\" role=\"button\" tabindex=\"0\" aria-label=\"Abrir la imagen 1 de 4 en pantalla completa\"data-srcset=\"https:\/\/i0.wp.com\/quanticaradio.com.ar\/wp-content\/uploads\/2021\/07\/Vacuna-libre-4.jpeg?strip=info&#038;w=600&#038;ssl=1 600w,https:\/\/i0.wp.com\/quanticaradio.com.ar\/wp-content\/uploads\/2021\/07\/Vacuna-libre-4.jpeg?strip=info&#038;w=900&#038;ssl=1 900w,https:\/\/i0.wp.com\/quanticaradio.com.ar\/wp-content\/uploads\/2021\/07\/Vacuna-libre-4.jpeg?strip=info&#038;w=1200&#038;ssl=1 1200w,https:\/\/i0.wp.com\/quanticaradio.com.ar\/wp-content\/uploads\/2021\/07\/Vacuna-libre-4.jpeg?strip=info&#038;w=1280&#038;ssl=1 1280w\" alt=\"\" data-height=\"960\" data-id=\"2012\" data-link=\"https:\/\/quanticamedios.com.ar\/?attachment_id=2012\" data-url=\"https:\/\/quanticamedios.com.ar\/wp-content\/uploads\/2021\/07\/Vacuna-libre-4.jpeg\" data-width=\"1280\" data-src=\"https:\/\/i0.wp.com\/quanticaradio.com.ar\/wp-content\/uploads\/2021\/07\/Vacuna-libre-4.jpeg?ssl=1\" data-amp-layout=\"responsive\" src=\"data:image\/svg+xml;base64,PHN2ZyB3aWR0aD0iMSIgaGVpZ2h0PSIxIiB4bWxucz0iaHR0cDovL3d3dy53My5vcmcvMjAwMC9zdmciPjwvc3ZnPg==\" class=\"lazyload\" \/><\/figure><\/div><div class=\"tiled-gallery__col\" style=\"flex-basis:33.22598%\"><figure class=\"tiled-gallery__item\"><img decoding=\"async\" data-attachment-id=\"2013\" data-permalink=\"https:\/\/quanticamedios.com.ar\/?attachment_id=2013\" data-orig-file=\"https:\/\/i0.wp.com\/quanticamedios.com.ar\/wp-content\/uploads\/2021\/07\/Vacuna-libre-3.jpeg?fit=1280%2C960&amp;ssl=1\" data-orig-size=\"1280,960\" data-comments-opened=\"1\" data-image-meta=\"{&quot;aperture&quot;:&quot;0&quot;,&quot;credit&quot;:&quot;&quot;,&quot;camera&quot;:&quot;&quot;,&quot;caption&quot;:&quot;&quot;,&quot;created_timestamp&quot;:&quot;0&quot;,&quot;copyright&quot;:&quot;&quot;,&quot;focal_length&quot;:&quot;0&quot;,&quot;iso&quot;:&quot;0&quot;,&quot;shutter_speed&quot;:&quot;0&quot;,&quot;title&quot;:&quot;&quot;,&quot;orientation&quot;:&quot;0&quot;}\" data-image-title=\"Vacuna-libre-3\" data-image-description=\"\" data-image-caption=\"\" data-large-file=\"https:\/\/i0.wp.com\/quanticamedios.com.ar\/wp-content\/uploads\/2021\/07\/Vacuna-libre-3.jpeg?fit=1024%2C768&amp;ssl=1\" data-attachment-id=\"2013\" data-permalink=\"https:\/\/quanticamedios.com.ar\/?attachment_id=2013\" data-orig-file=\"https:\/\/i0.wp.com\/quanticamedios.com.ar\/wp-content\/uploads\/2021\/07\/Vacuna-libre-3.jpeg?fit=1280%2C960&amp;ssl=1\" data-orig-size=\"1280,960\" data-comments-opened=\"1\" data-image-meta=\"{&quot;aperture&quot;:&quot;0&quot;,&quot;credit&quot;:&quot;&quot;,&quot;camera&quot;:&quot;&quot;,&quot;caption&quot;:&quot;&quot;,&quot;created_timestamp&quot;:&quot;0&quot;,&quot;copyright&quot;:&quot;&quot;,&quot;focal_length&quot;:&quot;0&quot;,&quot;iso&quot;:&quot;0&quot;,&quot;shutter_speed&quot;:&quot;0&quot;,&quot;title&quot;:&quot;&quot;,&quot;orientation&quot;:&quot;0&quot;}\" data-image-title=\"Vacuna-libre-3\" data-image-description=\"\" data-image-caption=\"\" data-large-file=\"https:\/\/i0.wp.com\/quanticamedios.com.ar\/wp-content\/uploads\/2021\/07\/Vacuna-libre-3.jpeg?fit=1024%2C768&amp;ssl=1\" role=\"button\" tabindex=\"0\" aria-label=\"Abrir la imagen 2 de 4 en pantalla completa\"data-srcset=\"https:\/\/i1.wp.com\/quanticaradio.com.ar\/wp-content\/uploads\/2021\/07\/Vacuna-libre-3.jpeg?strip=info&#038;w=600&#038;ssl=1 600w,https:\/\/i1.wp.com\/quanticaradio.com.ar\/wp-content\/uploads\/2021\/07\/Vacuna-libre-3.jpeg?strip=info&#038;w=900&#038;ssl=1 900w,https:\/\/i1.wp.com\/quanticaradio.com.ar\/wp-content\/uploads\/2021\/07\/Vacuna-libre-3.jpeg?strip=info&#038;w=1200&#038;ssl=1 1200w,https:\/\/i1.wp.com\/quanticaradio.com.ar\/wp-content\/uploads\/2021\/07\/Vacuna-libre-3.jpeg?strip=info&#038;w=1280&#038;ssl=1 1280w\" alt=\"\" data-height=\"960\" data-id=\"2013\" data-link=\"https:\/\/quanticamedios.com.ar\/?attachment_id=2013\" data-url=\"https:\/\/quanticamedios.com.ar\/wp-content\/uploads\/2021\/07\/Vacuna-libre-3.jpeg\" data-width=\"1280\" data-src=\"https:\/\/i1.wp.com\/quanticaradio.com.ar\/wp-content\/uploads\/2021\/07\/Vacuna-libre-3.jpeg?ssl=1\" data-amp-layout=\"responsive\" src=\"data:image\/svg+xml;base64,PHN2ZyB3aWR0aD0iMSIgaGVpZ2h0PSIxIiB4bWxucz0iaHR0cDovL3d3dy53My5vcmcvMjAwMC9zdmciPjwvc3ZnPg==\" class=\"lazyload\" \/><\/figure><figure class=\"tiled-gallery__item\"><img decoding=\"async\" data-attachment-id=\"2014\" data-permalink=\"https:\/\/quanticamedios.com.ar\/?attachment_id=2014\" data-orig-file=\"https:\/\/i0.wp.com\/quanticamedios.com.ar\/wp-content\/uploads\/2021\/07\/Vacuna-libre-2.jpeg?fit=1280%2C960&amp;ssl=1\" data-orig-size=\"1280,960\" data-comments-opened=\"1\" data-image-meta=\"{&quot;aperture&quot;:&quot;0&quot;,&quot;credit&quot;:&quot;&quot;,&quot;camera&quot;:&quot;&quot;,&quot;caption&quot;:&quot;&quot;,&quot;created_timestamp&quot;:&quot;0&quot;,&quot;copyright&quot;:&quot;&quot;,&quot;focal_length&quot;:&quot;0&quot;,&quot;iso&quot;:&quot;0&quot;,&quot;shutter_speed&quot;:&quot;0&quot;,&quot;title&quot;:&quot;&quot;,&quot;orientation&quot;:&quot;0&quot;}\" data-image-title=\"Vacuna-libre-2\" data-image-description=\"\" data-image-caption=\"\" data-large-file=\"https:\/\/i0.wp.com\/quanticamedios.com.ar\/wp-content\/uploads\/2021\/07\/Vacuna-libre-2.jpeg?fit=1024%2C768&amp;ssl=1\" data-attachment-id=\"2014\" data-permalink=\"https:\/\/quanticamedios.com.ar\/?attachment_id=2014\" data-orig-file=\"https:\/\/i0.wp.com\/quanticamedios.com.ar\/wp-content\/uploads\/2021\/07\/Vacuna-libre-2.jpeg?fit=1280%2C960&amp;ssl=1\" data-orig-size=\"1280,960\" data-comments-opened=\"1\" data-image-meta=\"{&quot;aperture&quot;:&quot;0&quot;,&quot;credit&quot;:&quot;&quot;,&quot;camera&quot;:&quot;&quot;,&quot;caption&quot;:&quot;&quot;,&quot;created_timestamp&quot;:&quot;0&quot;,&quot;copyright&quot;:&quot;&quot;,&quot;focal_length&quot;:&quot;0&quot;,&quot;iso&quot;:&quot;0&quot;,&quot;shutter_speed&quot;:&quot;0&quot;,&quot;title&quot;:&quot;&quot;,&quot;orientation&quot;:&quot;0&quot;}\" data-image-title=\"Vacuna-libre-2\" data-image-description=\"\" data-image-caption=\"\" data-large-file=\"https:\/\/i0.wp.com\/quanticamedios.com.ar\/wp-content\/uploads\/2021\/07\/Vacuna-libre-2.jpeg?fit=1024%2C768&amp;ssl=1\" role=\"button\" tabindex=\"0\" aria-label=\"Abrir la imagen 3 de 4 en pantalla completa\"data-srcset=\"https:\/\/i1.wp.com\/quanticaradio.com.ar\/wp-content\/uploads\/2021\/07\/Vacuna-libre-2.jpeg?strip=info&#038;w=600&#038;ssl=1 600w,https:\/\/i1.wp.com\/quanticaradio.com.ar\/wp-content\/uploads\/2021\/07\/Vacuna-libre-2.jpeg?strip=info&#038;w=900&#038;ssl=1 900w,https:\/\/i1.wp.com\/quanticaradio.com.ar\/wp-content\/uploads\/2021\/07\/Vacuna-libre-2.jpeg?strip=info&#038;w=1200&#038;ssl=1 1200w,https:\/\/i1.wp.com\/quanticaradio.com.ar\/wp-content\/uploads\/2021\/07\/Vacuna-libre-2.jpeg?strip=info&#038;w=1280&#038;ssl=1 1280w\" alt=\"\" data-height=\"960\" data-id=\"2014\" data-link=\"https:\/\/quanticamedios.com.ar\/?attachment_id=2014\" data-url=\"https:\/\/quanticamedios.com.ar\/wp-content\/uploads\/2021\/07\/Vacuna-libre-2.jpeg\" data-width=\"1280\" data-src=\"https:\/\/i1.wp.com\/quanticaradio.com.ar\/wp-content\/uploads\/2021\/07\/Vacuna-libre-2.jpeg?ssl=1\" data-amp-layout=\"responsive\" src=\"data:image\/svg+xml;base64,PHN2ZyB3aWR0aD0iMSIgaGVpZ2h0PSIxIiB4bWxucz0iaHR0cDovL3d3dy53My5vcmcvMjAwMC9zdmciPjwvc3ZnPg==\" class=\"lazyload\" \/><\/figure><\/div><\/div><div class=\"tiled-gallery__row\"><div class=\"tiled-gallery__col\" style=\"flex-basis:100.00000%\"><figure class=\"tiled-gallery__item\"><img decoding=\"async\" data-attachment-id=\"2015\" data-permalink=\"https:\/\/quanticamedios.com.ar\/?attachment_id=2015\" data-orig-file=\"https:\/\/i0.wp.com\/quanticamedios.com.ar\/wp-content\/uploads\/2021\/07\/Vacuna-libre-1.jpeg?fit=1280%2C960&amp;ssl=1\" data-orig-size=\"1280,960\" data-comments-opened=\"1\" data-image-meta=\"{&quot;aperture&quot;:&quot;0&quot;,&quot;credit&quot;:&quot;&quot;,&quot;camera&quot;:&quot;&quot;,&quot;caption&quot;:&quot;&quot;,&quot;created_timestamp&quot;:&quot;0&quot;,&quot;copyright&quot;:&quot;&quot;,&quot;focal_length&quot;:&quot;0&quot;,&quot;iso&quot;:&quot;0&quot;,&quot;shutter_speed&quot;:&quot;0&quot;,&quot;title&quot;:&quot;&quot;,&quot;orientation&quot;:&quot;0&quot;}\" data-image-title=\"Vacuna-libre-1\" data-image-description=\"\" data-image-caption=\"\" data-large-file=\"https:\/\/i0.wp.com\/quanticamedios.com.ar\/wp-content\/uploads\/2021\/07\/Vacuna-libre-1.jpeg?fit=1024%2C768&amp;ssl=1\" data-attachment-id=\"2015\" data-permalink=\"https:\/\/quanticamedios.com.ar\/?attachment_id=2015\" data-orig-file=\"https:\/\/i0.wp.com\/quanticamedios.com.ar\/wp-content\/uploads\/2021\/07\/Vacuna-libre-1.jpeg?fit=1280%2C960&amp;ssl=1\" data-orig-size=\"1280,960\" data-comments-opened=\"1\" data-image-meta=\"{&quot;aperture&quot;:&quot;0&quot;,&quot;credit&quot;:&quot;&quot;,&quot;camera&quot;:&quot;&quot;,&quot;caption&quot;:&quot;&quot;,&quot;created_timestamp&quot;:&quot;0&quot;,&quot;copyright&quot;:&quot;&quot;,&quot;focal_length&quot;:&quot;0&quot;,&quot;iso&quot;:&quot;0&quot;,&quot;shutter_speed&quot;:&quot;0&quot;,&quot;title&quot;:&quot;&quot;,&quot;orientation&quot;:&quot;0&quot;}\" data-image-title=\"Vacuna-libre-1\" data-image-description=\"\" data-image-caption=\"\" data-large-file=\"https:\/\/i0.wp.com\/quanticamedios.com.ar\/wp-content\/uploads\/2021\/07\/Vacuna-libre-1.jpeg?fit=1024%2C768&amp;ssl=1\" role=\"button\" tabindex=\"0\" aria-label=\"Abrir la imagen 4 de 4 en pantalla completa\"data-srcset=\"https:\/\/i2.wp.com\/quanticaradio.com.ar\/wp-content\/uploads\/2021\/07\/Vacuna-libre-1.jpeg?strip=info&#038;w=600&#038;ssl=1 600w,https:\/\/i2.wp.com\/quanticaradio.com.ar\/wp-content\/uploads\/2021\/07\/Vacuna-libre-1.jpeg?strip=info&#038;w=900&#038;ssl=1 900w,https:\/\/i2.wp.com\/quanticaradio.com.ar\/wp-content\/uploads\/2021\/07\/Vacuna-libre-1.jpeg?strip=info&#038;w=1200&#038;ssl=1 1200w,https:\/\/i2.wp.com\/quanticaradio.com.ar\/wp-content\/uploads\/2021\/07\/Vacuna-libre-1.jpeg?strip=info&#038;w=1280&#038;ssl=1 1280w\" alt=\"\" data-height=\"960\" data-id=\"2015\" data-link=\"https:\/\/quanticamedios.com.ar\/?attachment_id=2015\" data-url=\"https:\/\/quanticamedios.com.ar\/wp-content\/uploads\/2021\/07\/Vacuna-libre-1.jpeg\" data-width=\"1280\" data-src=\"https:\/\/i2.wp.com\/quanticaradio.com.ar\/wp-content\/uploads\/2021\/07\/Vacuna-libre-1.jpeg?ssl=1\" data-amp-layout=\"responsive\" src=\"data:image\/svg+xml;base64,PHN2ZyB3aWR0aD0iMSIgaGVpZ2h0PSIxIiB4bWxucz0iaHR0cDovL3d3dy53My5vcmcvMjAwMC9zdmciPjwvc3ZnPg==\" class=\"lazyload\" \/><\/figure><\/div><\/div><\/div><\/div>\n\n\n\n<h2 class=\"wp-block-heading\"><strong>Avanza el plan de vacunaci\u00f3n<\/strong><\/h2>\n\n\n\n<p>En Florencio Varela, hasta anoche, ya se hab\u00edan aplicado 233.391 dosis contra el coronavirus: 189.592 con del primer componente y 43.799 con el esquema completo.<\/p>\n\n\n\n<p class=\"has-text-align-justify\">Adem\u00e1s, el plan de inmunizaci\u00f3n \u201cBuenos Aires Vac\u00fanate\u201d complet\u00f3 ayer la vacunaci\u00f3n con primera dosis a m\u00e1s de ocho millones de bonaerenses, de los cuales 1.9 millones de personas, obtuvieron su segunda dosis.<\/p>\n\n\n\n<p class=\"has-text-align-justify\">De esta manera, el Programa que cuenta con un total de 10.198.012 personas inscriptas, avanza de la siguiente manera: 96% de los mayores de 60 a\u00f1os, 89% de entre 18 y 59 con comorbilidades, 94% del personal de educaci\u00f3n, 84% del de seguridad, 49% de las embarazadas y 59% de quienes tienen entre 18 y 59 sin enfermedades preexistentes.<\/p>\n\n\n\n<h2 class=\"wp-block-heading\"><strong>Situaci\u00f3n epidemiol\u00f3gica Covid-19 en Florencio Varela<\/strong><\/h2>\n\n\n\n<p class=\"has-text-align-justify\">La secretar\u00eda de Salud municipal recuerda a la ciudadan\u00eda varelense la necesidad de cumplir con todas las disposiciones sanitarias preventivas, esenciales e imprescindibles para evitar tanto la circulaci\u00f3n como el contagio de Covid-19: respetar, de manera estricta, el distanciamiento f\u00edsico entre personas de, por lo menos, dos metros; mantener ventilados los ambientes; no compartir utensilios; usar tapa boca-nariz; tener un frecuente lavado de manos; extremar los cuidados sobre quienes integran los grupos de riesgo; y avisar la menor presencia de s\u00edntomas de la enfermedad.<\/p>\n\n\n\n<p class=\"has-text-align-justify\">El organismo inform\u00f3 adem\u00e1s que, en las \u00faltimas 24 horas, el Sistema Integrado de Informaci\u00f3n Sanitaria Argentino (SISA) report\u00f3 sobre la poblaci\u00f3n del distrito 101 nuevos contagios&nbsp;y el deceso de cuatro pacientes de 56, 71, 71,&nbsp;y 79&nbsp;a\u00f1os de edad, ocurridos en d\u00edas anteriores pero dados a conocer hoy.<\/p>\n\n\n\n<p>De esta manera, el total de casos acumulados alcanza a 45.666 personas (*),\u00a0con 1.100 fallecimientos.<\/p>\n\n\n\n<p class=\"has-text-align-justify\">Por \u00faltimo, se consign\u00f3 que el total de dosis aplicadas contra la Covid-19 es de 236.239&nbsp;(primera dosis: 192.423; y segunda dosis: 43.816).<\/p>\n\n\n\n<p>Informaci\u00f3n de inter\u00e9s en: www.argentina.gob.ar\/salud\/coronavirus-COVID-19; https:\/\/portal-coronavirus.gba.gob.ar; y www.varela.gob.ar\/coronavirus\/.<\/p>\n\n\n\n<p>Atenci\u00f3n a distancia: 0800 999 1234, opci\u00f3n 3, todos los d\u00edas de 8:00 a 20:00 horas; y Teleconsultas Hospital El Cruce-N\u00e9stor Kirchner 42109000, las 24 horas.<\/p>\n\n\n\n<p class=\"has-text-align-justify\">Recomendaciones: realizar un frecuente lavado de manos con jab\u00f3n; toser o estornudar sobre el pliegue del codo; no llevar las manos a la cara; ventilar los ambientes tanto en el hogar como en el lugar de trabajo; desinfectar objetos de uso cotidiano; no automedicarse; y utilizar alcohol en gel para desinfecci\u00f3n de manos.<\/p>\n\n\n\n<p class=\"has-text-align-justify\">S\u00edntomas: dos o m\u00e1s de los siguientes: fiebre de 37.5\u00b0C o m\u00e1s; tos; dolor de garganta; dificultad para respirar; dolor de cabeza; dolor muscular; diarrea y\/o v\u00f3mitos; rinitis\/congesti\u00f3n nasal. Adem\u00e1s de la p\u00e9rdida repentina del gusto o del olfato.<\/p>\n","protected":false},"excerpt":{"rendered":"<p>Tal como lo anunci\u00f3 el Gobernador Axel Kicillof comenz\u00f3 la vacunaci\u00f3n libre para mayores de 35 a\u00f1os en el conurbano, en postas especiales ubicados en puntos estrat\u00e9gicos. Se sumaron 100&hellip; <\/p>\n","protected":false},"author":2,"featured_media":2013,"comment_status":"open","ping_status":"open","sticky":false,"template":"","format":"standard","meta":{"advanced_seo_description":"","jetpack_seo_html_title":"","jetpack_seo_noindex":false,"jetpack_post_was_ever_published":false,"_jetpack_newsletter_access":"","_jetpack_dont_email_post_to_subs":false,"_jetpack_newsletter_tier_id":0,"_jetpack_memberships_contains_paywalled_content":false,"_jetpack_memberships_contains_paid_content":false,"footnotes":"","jetpack_publicize_message":"","jetpack_publicize_feature_enabled":true,"jetpack_social_post_already_shared":true,"jetpack_social_options":{"image_generator_settings":{"template":"highway","default_image_id":0,"font":"","enabled":false},"version":2}},"categories":[3,2],"tags":[6,125,72,63,4,119,20,192,18,42,26,70],"class_list":["post-2011","post","type-post","status-publish","format-standard","has-post-thumbnail","hentry","category-florencio-varela","category-municipios","tag-andres-watson","tag-axel-kicillof","tag-coronavirus","tag-covid-19","tag-florencio-varela","tag-gobierno-de-la-provincia-de-buenos-aires","tag-gobierno-nacional","tag-pandemia","tag-politica","tag-salud","tag-sociedad","tag-vacunas"],"jetpack_publicize_connections":[],"jetpack_featured_media_url":"https:\/\/i0.wp.com\/quanticamedios.com.ar\/wp-content\/uploads\/2021\/07\/Vacuna-libre-3.jpeg?fit=1280%2C960&ssl=1","jetpack-related-posts":[{"id":1888,"url":"https:\/\/quanticamedios.com.ar\/?p=1888","url_meta":{"origin":2011,"position":0},"title":"Fin de semana con vacunaci\u00f3n libre en espacios p\u00fablicos de Florencio Varela","author":"Gabriel Barrios","date":"8 julio, 2021","format":false,"excerpt":"Tal como lo dispuso el gobernador de la provincia de Buenos Aires, Axel Kicillof, este viernes y s\u00e1bado -9 y 10 de julio- se instalar\u00e1n m\u00e1s de 100 postas itinerantes en plazas, estaciones de tren, clubes e instituciones barriales de toda la Provincia. Esos d\u00edas, en Florencio Varela -de 9:00\u2026","rel":"","context":"En \u00abFlorencio Varela\u00bb","block_context":{"text":"Florencio Varela","link":"https:\/\/quanticamedios.com.ar\/?cat=3"},"img":{"alt_text":"","src":"https:\/\/i0.wp.com\/quanticamedios.com.ar\/wp-content\/uploads\/2021\/07\/vacunas-3-scaled.jpg?fit=1200%2C800&ssl=1&resize=350%2C200","width":350,"height":200,"srcset":"https:\/\/i0.wp.com\/quanticamedios.com.ar\/wp-content\/uploads\/2021\/07\/vacunas-3-scaled.jpg?fit=1200%2C800&ssl=1&resize=350%2C200 1x, https:\/\/i0.wp.com\/quanticamedios.com.ar\/wp-content\/uploads\/2021\/07\/vacunas-3-scaled.jpg?fit=1200%2C800&ssl=1&resize=525%2C300 1.5x, https:\/\/i0.wp.com\/quanticamedios.com.ar\/wp-content\/uploads\/2021\/07\/vacunas-3-scaled.jpg?fit=1200%2C800&ssl=1&resize=700%2C400 2x, https:\/\/i0.wp.com\/quanticamedios.com.ar\/wp-content\/uploads\/2021\/07\/vacunas-3-scaled.jpg?fit=1200%2C800&ssl=1&resize=1050%2C600 3x"},"classes":[]},{"id":2594,"url":"https:\/\/quanticamedios.com.ar\/?p=2594","url_meta":{"origin":2011,"position":1},"title":"La provincia de Buenos Aires habilita segunda dosis libre a mayores de 60","author":"Gabriel Barrios","date":"17 septiembre, 2021","format":false,"excerpt":"Acompa\u00f1ado por el ministro de Salud bonaerense, Nicol\u00e1s Kreplak, Kicillof anunci\u00f3 que el sistema de vacuna libre, que hasta ahora se aplicaba solo en primeras dosis, se extender\u00e1 para todos aquellos mayores de 60 a\u00f1os que ya hayan \"cumplido con las 8 semanas despu\u00e9s de la primera dosis de la\u2026","rel":"","context":"En \u00abPol\u00edtica\u00bb","block_context":{"text":"Pol\u00edtica","link":"https:\/\/quanticamedios.com.ar\/?cat=15"},"img":{"alt_text":"","src":"https:\/\/i0.wp.com\/quanticamedios.com.ar\/wp-content\/uploads\/2021\/09\/unaj-vacunas-3-scaled.jpg?fit=1200%2C800&ssl=1&resize=350%2C200","width":350,"height":200,"srcset":"https:\/\/i0.wp.com\/quanticamedios.com.ar\/wp-content\/uploads\/2021\/09\/unaj-vacunas-3-scaled.jpg?fit=1200%2C800&ssl=1&resize=350%2C200 1x, https:\/\/i0.wp.com\/quanticamedios.com.ar\/wp-content\/uploads\/2021\/09\/unaj-vacunas-3-scaled.jpg?fit=1200%2C800&ssl=1&resize=525%2C300 1.5x, https:\/\/i0.wp.com\/quanticamedios.com.ar\/wp-content\/uploads\/2021\/09\/unaj-vacunas-3-scaled.jpg?fit=1200%2C800&ssl=1&resize=700%2C400 2x, https:\/\/i0.wp.com\/quanticamedios.com.ar\/wp-content\/uploads\/2021\/09\/unaj-vacunas-3-scaled.jpg?fit=1200%2C800&ssl=1&resize=1050%2C600 3x"},"classes":[]},{"id":3468,"url":"https:\/\/quanticamedios.com.ar\/?p=3468","url_meta":{"origin":2011,"position":2},"title":"Vuelve la \u201cNoche de las Vacunas\u201d a Florencio Varela","author":"Gabriel Barrios","date":"23 febrero, 2022","format":false,"excerpt":"Una nueva jornada del programa \"Buenos Aires Vacunate\" se realizar\u00e1 este viernes, y Florencio Varela ser\u00e1 parte de ello. Casi 27.000 bonaerenses y turistas fueron inmunizados en la primer \"Noche de las Vacunas\". Este 25 de febrero\u00a0la Provincia de Buenos Aires vuelve a abrir m\u00e1s de 130 postas nocturnas\u00a0para inaugurar\u2026","rel":"","context":"En \u00abFlorencio Varela\u00bb","block_context":{"text":"Florencio Varela","link":"https:\/\/quanticamedios.com.ar\/?cat=3"},"img":{"alt_text":"","src":"https:\/\/i0.wp.com\/quanticamedios.com.ar\/wp-content\/uploads\/2021\/10\/Vacunas-Ninos.jpg?fit=1004%2C565&ssl=1&resize=350%2C200","width":350,"height":200,"srcset":"https:\/\/i0.wp.com\/quanticamedios.com.ar\/wp-content\/uploads\/2021\/10\/Vacunas-Ninos.jpg?fit=1004%2C565&ssl=1&resize=350%2C200 1x, https:\/\/i0.wp.com\/quanticamedios.com.ar\/wp-content\/uploads\/2021\/10\/Vacunas-Ninos.jpg?fit=1004%2C565&ssl=1&resize=525%2C300 1.5x, https:\/\/i0.wp.com\/quanticamedios.com.ar\/wp-content\/uploads\/2021\/10\/Vacunas-Ninos.jpg?fit=1004%2C565&ssl=1&resize=700%2C400 2x"},"classes":[]},{"id":2153,"url":"https:\/\/quanticamedios.com.ar\/?p=2153","url_meta":{"origin":2011,"position":3},"title":"COVID &#8211; 19: Hoy vacunaci\u00f3n libre en Plaza San Juan Bautista","author":"Gabriel Barrios","date":"31 julio, 2021","format":false,"excerpt":"En Florencio Varela el total de dosis aplicadas contra la Covid-19 es de 290.920 (primera dosis: 236.438; y segunda dosis: 54.482). En el distrito el total de casos acumulados alcanza a 46.735 personas. La Municipalidad de Florencio Varela, a trav\u00e9s de la secretar\u00eda de Salud informa que hoy s\u00e1bado, entre\u2026","rel":"","context":"En \u00abFlorencio Varela\u00bb","block_context":{"text":"Florencio Varela","link":"https:\/\/quanticamedios.com.ar\/?cat=3"},"img":{"alt_text":"","src":"https:\/\/i0.wp.com\/quanticamedios.com.ar\/wp-content\/uploads\/2021\/07\/Posta-Vacunatoria-2.jpeg?fit=1200%2C900&ssl=1&resize=350%2C200","width":350,"height":200,"srcset":"https:\/\/i0.wp.com\/quanticamedios.com.ar\/wp-content\/uploads\/2021\/07\/Posta-Vacunatoria-2.jpeg?fit=1200%2C900&ssl=1&resize=350%2C200 1x, https:\/\/i0.wp.com\/quanticamedios.com.ar\/wp-content\/uploads\/2021\/07\/Posta-Vacunatoria-2.jpeg?fit=1200%2C900&ssl=1&resize=525%2C300 1.5x, https:\/\/i0.wp.com\/quanticamedios.com.ar\/wp-content\/uploads\/2021\/07\/Posta-Vacunatoria-2.jpeg?fit=1200%2C900&ssl=1&resize=700%2C400 2x, https:\/\/i0.wp.com\/quanticamedios.com.ar\/wp-content\/uploads\/2021\/07\/Posta-Vacunatoria-2.jpeg?fit=1200%2C900&ssl=1&resize=1050%2C600 3x"},"classes":[]},{"id":1952,"url":"https:\/\/quanticamedios.com.ar\/?p=1952","url_meta":{"origin":2011,"position":4},"title":"Habr\u00e1 \u00abvacunaci\u00f3n libre\u00bb para mayores de 35 a\u00f1os sin riesgo, anunci\u00f3 Kicillof","author":"Gabriel Barrios","date":"13 julio, 2021","format":false,"excerpt":"El gobernador bonaerense explic\u00f3 en una rueda de prensa que este grupo etario podr\u00e1 vacunarse sin turno previo a partir del mi\u00e9rcoles. Anunci\u00f3 una\u00a0nueva jornada de vacunaci\u00f3n comunitaria, con postas itinerantes y casa por casa y vacunaci\u00f3n en estaciones ferroviarias. Los y las bonaerenses\u00a0mayores de 35 a\u00f1os, sin factores de\u2026","rel":"","context":"En \u00abPol\u00edtica\u00bb","block_context":{"text":"Pol\u00edtica","link":"https:\/\/quanticamedios.com.ar\/?cat=15"},"img":{"alt_text":"","src":"https:\/\/i0.wp.com\/quanticamedios.com.ar\/wp-content\/uploads\/2021\/03\/Vacuna-Alemana.jpg?fit=1004%2C565&ssl=1&resize=350%2C200","width":350,"height":200,"srcset":"https:\/\/i0.wp.com\/quanticamedios.com.ar\/wp-content\/uploads\/2021\/03\/Vacuna-Alemana.jpg?fit=1004%2C565&ssl=1&resize=350%2C200 1x, https:\/\/i0.wp.com\/quanticamedios.com.ar\/wp-content\/uploads\/2021\/03\/Vacuna-Alemana.jpg?fit=1004%2C565&ssl=1&resize=525%2C300 1.5x, https:\/\/i0.wp.com\/quanticamedios.com.ar\/wp-content\/uploads\/2021\/03\/Vacuna-Alemana.jpg?fit=1004%2C565&ssl=1&resize=700%2C400 2x"},"classes":[]},{"id":1896,"url":"https:\/\/quanticamedios.com.ar\/?p=1896","url_meta":{"origin":2011,"position":5},"title":"COVID &#8211; 19: Andr\u00e9s Watson y Nicol\u00e1s Kreplak supervisaron el funcionamiento de las postas de vacunaci\u00f3n","author":"Gabriel Barrios","date":"10 julio, 2021","format":false,"excerpt":"Florencio Varela super\u00f3 las 200 mil dosis aplicadas. Este fin de semana se dispusieron de postas adicionales para vacunar sin turno. El distrito super\u00f3 los 45mil casos acumulados. El intendente Andr\u00e9s Watson recibi\u00f3 al viceministro de Salud bonaerense -Nicol\u00e1s Kreplak- para verificar los procedimientos de inmunizaci\u00f3n ante el coronavirus en\u2026","rel":"","context":"En \u00abFlorencio Varela\u00bb","block_context":{"text":"Florencio Varela","link":"https:\/\/quanticamedios.com.ar\/?cat=3"},"img":{"alt_text":"","src":"https:\/\/i0.wp.com\/quanticamedios.com.ar\/wp-content\/uploads\/2021\/07\/VACUNAS-POSTAS-5.jpg?fit=1200%2C800&ssl=1&resize=350%2C200","width":350,"height":200,"srcset":"https:\/\/i0.wp.com\/quanticamedios.com.ar\/wp-content\/uploads\/2021\/07\/VACUNAS-POSTAS-5.jpg?fit=1200%2C800&ssl=1&resize=350%2C200 1x, https:\/\/i0.wp.com\/quanticamedios.com.ar\/wp-content\/uploads\/2021\/07\/VACUNAS-POSTAS-5.jpg?fit=1200%2C800&ssl=1&resize=525%2C300 1.5x, https:\/\/i0.wp.com\/quanticamedios.com.ar\/wp-content\/uploads\/2021\/07\/VACUNAS-POSTAS-5.jpg?fit=1200%2C800&ssl=1&resize=700%2C400 2x, https:\/\/i0.wp.com\/quanticamedios.com.ar\/wp-content\/uploads\/2021\/07\/VACUNAS-POSTAS-5.jpg?fit=1200%2C800&ssl=1&resize=1050%2C600 3x"},"classes":[]}],"jetpack_shortlink":"https:\/\/wp.me\/ph7tt2-wr","jetpack_sharing_enabled":true,"jetpack_likes_enabled":true,"amp_enabled":true,"_links":{"self":[{"href":"https:\/\/quanticamedios.com.ar\/index.php?rest_route=\/wp\/v2\/posts\/2011","targetHints":{"allow":["GET"]}}],"collection":[{"href":"https:\/\/quanticamedios.com.ar\/index.php?rest_route=\/wp\/v2\/posts"}],"about":[{"href":"https:\/\/quanticamedios.com.ar\/index.php?rest_route=\/wp\/v2\/types\/post"}],"author":[{"embeddable":true,"href":"https:\/\/quanticamedios.com.ar\/index.php?rest_route=\/wp\/v2\/users\/2"}],"replies":[{"embeddable":true,"href":"https:\/\/quanticamedios.com.ar\/index.php?rest_route=%2Fwp%2Fv2%2Fcomments&post=2011"}],"version-history":[{"count":4,"href":"https:\/\/quanticamedios.com.ar\/index.php?rest_route=\/wp\/v2\/posts\/2011\/revisions"}],"predecessor-version":[{"id":2031,"href":"https:\/\/quanticamedios.com.ar\/index.php?rest_route=\/wp\/v2\/posts\/2011\/revisions\/2031"}],"wp:featuredmedia":[{"embeddable":true,"href":"https:\/\/quanticamedios.com.ar\/index.php?rest_route=\/wp\/v2\/media\/2013"}],"wp:attachment":[{"href":"https:\/\/quanticamedios.com.ar\/index.php?rest_route=%2Fwp%2Fv2%2Fmedia&parent=2011"}],"wp:term":[{"taxonomy":"category","embeddable":true,"href":"https:\/\/quanticamedios.com.ar\/index.php?rest_route=%2Fwp%2Fv2%2Fcategories&post=2011"},{"taxonomy":"post_tag","embeddable":true,"href":"https:\/\/quanticamedios.com.ar\/index.php?rest_route=%2Fwp%2Fv2%2Ftags&post=2011"}],"curies":[{"name":"wp","href":"https:\/\/api.w.org\/{rel}","templated":true}]}}