{"id":2564,"date":"2021-09-16T21:13:30","date_gmt":"2021-09-17T00:13:30","guid":{"rendered":"https:\/\/quanticamedios.com.ar\/?p=2564"},"modified":"2021-09-16T21:13:31","modified_gmt":"2021-09-17T00:13:31","slug":"quilmes-sesion-especial-con-alumnos-en-el-hcd-por-el-mes-de-las-juventudes","status":"publish","type":"post","link":"https:\/\/quanticamedios.com.ar\/?p=2564","title":{"rendered":"Quilmes: Sesi\u00f3n especial con alumnos en el HCD por el Mes de las Juventudes"},"content":{"rendered":"\n<p class=\"has-text-align-justify has-medium-font-size\"><strong><em>Asistieron al evento el secretario de Derechos Humanos del Municipio de Quilmes, Hugo Colaone, y las concejalas Eva Stoltzing, Eva Mieri, Susi Paz y Nair Abad<\/em><\/strong>. <strong>\u201cLos convoco a comprometernos todos los d\u00edas en la construcci\u00f3n de la democracia\u00bb, expreso la intendenta.<\/strong><\/p>\n\n\n\n<p class=\"has-text-align-justify\">La intendenta de Quilmes, Mayra Mendoza, felicit\u00f3 a los y las j\u00f3venes de diferentes escuelas del distrito que participaron de una sesi\u00f3n especial en el Honorable Concejo Deliberante (HCD) de Quilmes, donde representaron el rol de concejales y concejalas, y debatieron proyectos, en el marco del Mes de las Juventudes y de la Noche de los L\u00e1pices, que se hoy conmemora.<\/p>\n\n\n\n<p class=\"has-text-align-justify\"><strong><em>\u201cGracias a la Secretar\u00eda de Derechos Humanos, al \u00e1rea de Juventudes y al Concejo por articular esta iniciativa. Es muy importante no solo que los y las j\u00f3venes conozcan el HCD, sino que vengan y habiten este espacio, porque tiene que ver con la representaci\u00f3n de ustedes como vecinos y vecinas de Quilmes\u201d<\/em><\/strong>, sostuvo Mayra.<\/p>\n\n\n\n<p class=\"has-text-align-justify\">Y agreg\u00f3: <strong><em>\u201cYo nac\u00ed en 1983, me siento hija de la democracia y milit\u00e9 desde muy joven. Siempre fui una militante social y siempre cre\u00ed en la pol\u00edtica. Los convoco a comprometernos todos los d\u00edas en la construcci\u00f3n de la democracia, porque transitando ese camino terminaremos valorando la pol\u00edtica como herramienta de transformaci\u00f3n. Como dijo N\u00e9stor Kirchner, cuando la polea de la juventud se pone en marcha, el cambio es inevitable. Por eso les digo que es un gran aporte y un gran ejemplo lo que hacen. Queremos seguir escuch\u00e1ndolos, que participen siempre y que se organicen. Solo as\u00ed podremos construir una sociedad mejor<\/em><\/strong>\u201d.<\/p>\n\n\n\n<div class=\"wp-block-jetpack-tiled-gallery aligncenter is-style-rectangular\"><div class=\"tiled-gallery__gallery\"><div class=\"tiled-gallery__row\"><div class=\"tiled-gallery__col\" style=\"flex-basis:66.78756%\"><figure class=\"tiled-gallery__item\"><img decoding=\"async\" data-attachment-id=\"2565\" data-permalink=\"https:\/\/quanticamedios.com.ar\/?attachment_id=2565\" data-orig-file=\"https:\/\/i0.wp.com\/quanticamedios.com.ar\/wp-content\/uploads\/2021\/09\/Mayra-en-la-sesion-de-alumnos-en-el-hcd-3.jpg?fit=1024%2C682&amp;ssl=1\" data-orig-size=\"1024,682\" data-comments-opened=\"1\" data-image-meta=\"{&quot;aperture&quot;:&quot;0&quot;,&quot;credit&quot;:&quot;&quot;,&quot;camera&quot;:&quot;&quot;,&quot;caption&quot;:&quot;&quot;,&quot;created_timestamp&quot;:&quot;0&quot;,&quot;copyright&quot;:&quot;&quot;,&quot;focal_length&quot;:&quot;0&quot;,&quot;iso&quot;:&quot;0&quot;,&quot;shutter_speed&quot;:&quot;0&quot;,&quot;title&quot;:&quot;&quot;,&quot;orientation&quot;:&quot;0&quot;}\" data-image-title=\"Mayra-en-la-sesion-de-alumnos-en-el-hcd-3\" data-image-description=\"\" data-image-caption=\"\" data-large-file=\"https:\/\/i0.wp.com\/quanticamedios.com.ar\/wp-content\/uploads\/2021\/09\/Mayra-en-la-sesion-de-alumnos-en-el-hcd-3.jpg?fit=1024%2C682&amp;ssl=1\" data-attachment-id=\"2565\" data-permalink=\"https:\/\/quanticamedios.com.ar\/?attachment_id=2565\" data-orig-file=\"https:\/\/i0.wp.com\/quanticamedios.com.ar\/wp-content\/uploads\/2021\/09\/Mayra-en-la-sesion-de-alumnos-en-el-hcd-3.jpg?fit=1024%2C682&amp;ssl=1\" data-orig-size=\"1024,682\" data-comments-opened=\"1\" data-image-meta=\"{&quot;aperture&quot;:&quot;0&quot;,&quot;credit&quot;:&quot;&quot;,&quot;camera&quot;:&quot;&quot;,&quot;caption&quot;:&quot;&quot;,&quot;created_timestamp&quot;:&quot;0&quot;,&quot;copyright&quot;:&quot;&quot;,&quot;focal_length&quot;:&quot;0&quot;,&quot;iso&quot;:&quot;0&quot;,&quot;shutter_speed&quot;:&quot;0&quot;,&quot;title&quot;:&quot;&quot;,&quot;orientation&quot;:&quot;0&quot;}\" data-image-title=\"Mayra-en-la-sesion-de-alumnos-en-el-hcd-3\" data-image-description=\"\" data-image-caption=\"\" data-large-file=\"https:\/\/i0.wp.com\/quanticamedios.com.ar\/wp-content\/uploads\/2021\/09\/Mayra-en-la-sesion-de-alumnos-en-el-hcd-3.jpg?fit=1024%2C682&amp;ssl=1\" role=\"button\" tabindex=\"0\" aria-label=\"Abrir la imagen 1 de 4 en pantalla completa\"data-srcset=\"https:\/\/i1.wp.com\/quanticaradio.com.ar\/wp-content\/uploads\/2021\/09\/Mayra-en-la-sesion-de-alumnos-en-el-hcd-3.jpg?strip=info&#038;w=600&#038;ssl=1 600w,https:\/\/i1.wp.com\/quanticaradio.com.ar\/wp-content\/uploads\/2021\/09\/Mayra-en-la-sesion-de-alumnos-en-el-hcd-3.jpg?strip=info&#038;w=900&#038;ssl=1 900w,https:\/\/i1.wp.com\/quanticaradio.com.ar\/wp-content\/uploads\/2021\/09\/Mayra-en-la-sesion-de-alumnos-en-el-hcd-3.jpg?strip=info&#038;w=1024&#038;ssl=1 1024w\" alt=\"\" data-height=\"682\" data-id=\"2565\" data-link=\"https:\/\/quanticamedios.com.ar\/?attachment_id=2565\" data-url=\"https:\/\/quanticamedios.com.ar\/wp-content\/uploads\/2021\/09\/Mayra-en-la-sesion-de-alumnos-en-el-hcd-3.jpg\" data-width=\"1024\" data-src=\"https:\/\/i1.wp.com\/quanticaradio.com.ar\/wp-content\/uploads\/2021\/09\/Mayra-en-la-sesion-de-alumnos-en-el-hcd-3.jpg?ssl=1\" data-amp-layout=\"responsive\" src=\"data:image\/svg+xml;base64,PHN2ZyB3aWR0aD0iMSIgaGVpZ2h0PSIxIiB4bWxucz0iaHR0cDovL3d3dy53My5vcmcvMjAwMC9zdmciPjwvc3ZnPg==\" class=\"lazyload\" \/><\/figure><\/div><div class=\"tiled-gallery__col\" style=\"flex-basis:33.21244%\"><figure class=\"tiled-gallery__item\"><img decoding=\"async\" data-attachment-id=\"2566\" data-permalink=\"https:\/\/quanticamedios.com.ar\/?attachment_id=2566\" data-orig-file=\"https:\/\/i0.wp.com\/quanticamedios.com.ar\/wp-content\/uploads\/2021\/09\/Mayra-en-la-sesion-de-alumnos-en-el-hcd-2.jpg?fit=1024%2C682&amp;ssl=1\" data-orig-size=\"1024,682\" data-comments-opened=\"1\" data-image-meta=\"{&quot;aperture&quot;:&quot;0&quot;,&quot;credit&quot;:&quot;&quot;,&quot;camera&quot;:&quot;&quot;,&quot;caption&quot;:&quot;&quot;,&quot;created_timestamp&quot;:&quot;0&quot;,&quot;copyright&quot;:&quot;&quot;,&quot;focal_length&quot;:&quot;0&quot;,&quot;iso&quot;:&quot;0&quot;,&quot;shutter_speed&quot;:&quot;0&quot;,&quot;title&quot;:&quot;&quot;,&quot;orientation&quot;:&quot;0&quot;}\" data-image-title=\"Mayra-en-la-sesion-de-alumnos-en-el-hcd-2\" data-image-description=\"\" data-image-caption=\"\" data-large-file=\"https:\/\/i0.wp.com\/quanticamedios.com.ar\/wp-content\/uploads\/2021\/09\/Mayra-en-la-sesion-de-alumnos-en-el-hcd-2.jpg?fit=1024%2C682&amp;ssl=1\" data-attachment-id=\"2566\" data-permalink=\"https:\/\/quanticamedios.com.ar\/?attachment_id=2566\" data-orig-file=\"https:\/\/i0.wp.com\/quanticamedios.com.ar\/wp-content\/uploads\/2021\/09\/Mayra-en-la-sesion-de-alumnos-en-el-hcd-2.jpg?fit=1024%2C682&amp;ssl=1\" data-orig-size=\"1024,682\" data-comments-opened=\"1\" data-image-meta=\"{&quot;aperture&quot;:&quot;0&quot;,&quot;credit&quot;:&quot;&quot;,&quot;camera&quot;:&quot;&quot;,&quot;caption&quot;:&quot;&quot;,&quot;created_timestamp&quot;:&quot;0&quot;,&quot;copyright&quot;:&quot;&quot;,&quot;focal_length&quot;:&quot;0&quot;,&quot;iso&quot;:&quot;0&quot;,&quot;shutter_speed&quot;:&quot;0&quot;,&quot;title&quot;:&quot;&quot;,&quot;orientation&quot;:&quot;0&quot;}\" data-image-title=\"Mayra-en-la-sesion-de-alumnos-en-el-hcd-2\" data-image-description=\"\" data-image-caption=\"\" data-large-file=\"https:\/\/i0.wp.com\/quanticamedios.com.ar\/wp-content\/uploads\/2021\/09\/Mayra-en-la-sesion-de-alumnos-en-el-hcd-2.jpg?fit=1024%2C682&amp;ssl=1\" role=\"button\" tabindex=\"0\" aria-label=\"Abrir la imagen 2 de 4 en pantalla completa\"data-srcset=\"https:\/\/i0.wp.com\/quanticaradio.com.ar\/wp-content\/uploads\/2021\/09\/Mayra-en-la-sesion-de-alumnos-en-el-hcd-2.jpg?strip=info&#038;w=600&#038;ssl=1 600w,https:\/\/i0.wp.com\/quanticaradio.com.ar\/wp-content\/uploads\/2021\/09\/Mayra-en-la-sesion-de-alumnos-en-el-hcd-2.jpg?strip=info&#038;w=900&#038;ssl=1 900w,https:\/\/i0.wp.com\/quanticaradio.com.ar\/wp-content\/uploads\/2021\/09\/Mayra-en-la-sesion-de-alumnos-en-el-hcd-2.jpg?strip=info&#038;w=1024&#038;ssl=1 1024w\" alt=\"\" data-height=\"682\" data-id=\"2566\" data-link=\"https:\/\/quanticamedios.com.ar\/?attachment_id=2566\" data-url=\"https:\/\/quanticamedios.com.ar\/wp-content\/uploads\/2021\/09\/Mayra-en-la-sesion-de-alumnos-en-el-hcd-2.jpg\" data-width=\"1024\" data-src=\"https:\/\/i0.wp.com\/quanticaradio.com.ar\/wp-content\/uploads\/2021\/09\/Mayra-en-la-sesion-de-alumnos-en-el-hcd-2.jpg?ssl=1\" data-amp-layout=\"responsive\" src=\"data:image\/svg+xml;base64,PHN2ZyB3aWR0aD0iMSIgaGVpZ2h0PSIxIiB4bWxucz0iaHR0cDovL3d3dy53My5vcmcvMjAwMC9zdmciPjwvc3ZnPg==\" class=\"lazyload\" \/><\/figure><figure class=\"tiled-gallery__item\"><img decoding=\"async\" data-attachment-id=\"2567\" data-permalink=\"https:\/\/quanticamedios.com.ar\/?attachment_id=2567\" data-orig-file=\"https:\/\/i0.wp.com\/quanticamedios.com.ar\/wp-content\/uploads\/2021\/09\/Mayra-en-la-sesion-de-alumnos-en-el-hcd-1.jpg?fit=1024%2C682&amp;ssl=1\" data-orig-size=\"1024,682\" data-comments-opened=\"1\" data-image-meta=\"{&quot;aperture&quot;:&quot;0&quot;,&quot;credit&quot;:&quot;&quot;,&quot;camera&quot;:&quot;&quot;,&quot;caption&quot;:&quot;&quot;,&quot;created_timestamp&quot;:&quot;0&quot;,&quot;copyright&quot;:&quot;&quot;,&quot;focal_length&quot;:&quot;0&quot;,&quot;iso&quot;:&quot;0&quot;,&quot;shutter_speed&quot;:&quot;0&quot;,&quot;title&quot;:&quot;&quot;,&quot;orientation&quot;:&quot;0&quot;}\" data-image-title=\"Mayra-en-la-sesion-de-alumnos-en-el-hcd-1\" data-image-description=\"\" data-image-caption=\"\" data-large-file=\"https:\/\/i0.wp.com\/quanticamedios.com.ar\/wp-content\/uploads\/2021\/09\/Mayra-en-la-sesion-de-alumnos-en-el-hcd-1.jpg?fit=1024%2C682&amp;ssl=1\" data-attachment-id=\"2567\" data-permalink=\"https:\/\/quanticamedios.com.ar\/?attachment_id=2567\" data-orig-file=\"https:\/\/i0.wp.com\/quanticamedios.com.ar\/wp-content\/uploads\/2021\/09\/Mayra-en-la-sesion-de-alumnos-en-el-hcd-1.jpg?fit=1024%2C682&amp;ssl=1\" data-orig-size=\"1024,682\" data-comments-opened=\"1\" data-image-meta=\"{&quot;aperture&quot;:&quot;0&quot;,&quot;credit&quot;:&quot;&quot;,&quot;camera&quot;:&quot;&quot;,&quot;caption&quot;:&quot;&quot;,&quot;created_timestamp&quot;:&quot;0&quot;,&quot;copyright&quot;:&quot;&quot;,&quot;focal_length&quot;:&quot;0&quot;,&quot;iso&quot;:&quot;0&quot;,&quot;shutter_speed&quot;:&quot;0&quot;,&quot;title&quot;:&quot;&quot;,&quot;orientation&quot;:&quot;0&quot;}\" data-image-title=\"Mayra-en-la-sesion-de-alumnos-en-el-hcd-1\" data-image-description=\"\" data-image-caption=\"\" data-large-file=\"https:\/\/i0.wp.com\/quanticamedios.com.ar\/wp-content\/uploads\/2021\/09\/Mayra-en-la-sesion-de-alumnos-en-el-hcd-1.jpg?fit=1024%2C682&amp;ssl=1\" role=\"button\" tabindex=\"0\" aria-label=\"Abrir la imagen 3 de 4 en pantalla completa\"data-srcset=\"https:\/\/i2.wp.com\/quanticaradio.com.ar\/wp-content\/uploads\/2021\/09\/Mayra-en-la-sesion-de-alumnos-en-el-hcd-1.jpg?strip=info&#038;w=600&#038;ssl=1 600w,https:\/\/i2.wp.com\/quanticaradio.com.ar\/wp-content\/uploads\/2021\/09\/Mayra-en-la-sesion-de-alumnos-en-el-hcd-1.jpg?strip=info&#038;w=900&#038;ssl=1 900w,https:\/\/i2.wp.com\/quanticaradio.com.ar\/wp-content\/uploads\/2021\/09\/Mayra-en-la-sesion-de-alumnos-en-el-hcd-1.jpg?strip=info&#038;w=1024&#038;ssl=1 1024w\" alt=\"\" data-height=\"682\" data-id=\"2567\" data-link=\"https:\/\/quanticamedios.com.ar\/?attachment_id=2567\" data-url=\"https:\/\/quanticamedios.com.ar\/wp-content\/uploads\/2021\/09\/Mayra-en-la-sesion-de-alumnos-en-el-hcd-1.jpg\" data-width=\"1024\" data-src=\"https:\/\/i2.wp.com\/quanticaradio.com.ar\/wp-content\/uploads\/2021\/09\/Mayra-en-la-sesion-de-alumnos-en-el-hcd-1.jpg?ssl=1\" data-amp-layout=\"responsive\" src=\"data:image\/svg+xml;base64,PHN2ZyB3aWR0aD0iMSIgaGVpZ2h0PSIxIiB4bWxucz0iaHR0cDovL3d3dy53My5vcmcvMjAwMC9zdmciPjwvc3ZnPg==\" class=\"lazyload\" \/><\/figure><\/div><\/div><div class=\"tiled-gallery__row\"><div class=\"tiled-gallery__col\" style=\"flex-basis:100.00000%\"><figure class=\"tiled-gallery__item\"><img decoding=\"async\" data-attachment-id=\"2568\" data-permalink=\"https:\/\/quanticamedios.com.ar\/?attachment_id=2568\" data-orig-file=\"https:\/\/i0.wp.com\/quanticamedios.com.ar\/wp-content\/uploads\/2021\/09\/Mayra-en-la-sesion-de-alumnos-en-el-hcd-4.jpg?fit=1024%2C682&amp;ssl=1\" data-orig-size=\"1024,682\" data-comments-opened=\"1\" data-image-meta=\"{&quot;aperture&quot;:&quot;0&quot;,&quot;credit&quot;:&quot;&quot;,&quot;camera&quot;:&quot;&quot;,&quot;caption&quot;:&quot;&quot;,&quot;created_timestamp&quot;:&quot;0&quot;,&quot;copyright&quot;:&quot;&quot;,&quot;focal_length&quot;:&quot;0&quot;,&quot;iso&quot;:&quot;0&quot;,&quot;shutter_speed&quot;:&quot;0&quot;,&quot;title&quot;:&quot;&quot;,&quot;orientation&quot;:&quot;0&quot;}\" data-image-title=\"Mayra-en-la-sesion-de-alumnos-en-el-hcd-4\" data-image-description=\"\" data-image-caption=\"\" data-large-file=\"https:\/\/i0.wp.com\/quanticamedios.com.ar\/wp-content\/uploads\/2021\/09\/Mayra-en-la-sesion-de-alumnos-en-el-hcd-4.jpg?fit=1024%2C682&amp;ssl=1\" data-attachment-id=\"2568\" data-permalink=\"https:\/\/quanticamedios.com.ar\/?attachment_id=2568\" data-orig-file=\"https:\/\/i0.wp.com\/quanticamedios.com.ar\/wp-content\/uploads\/2021\/09\/Mayra-en-la-sesion-de-alumnos-en-el-hcd-4.jpg?fit=1024%2C682&amp;ssl=1\" data-orig-size=\"1024,682\" data-comments-opened=\"1\" data-image-meta=\"{&quot;aperture&quot;:&quot;0&quot;,&quot;credit&quot;:&quot;&quot;,&quot;camera&quot;:&quot;&quot;,&quot;caption&quot;:&quot;&quot;,&quot;created_timestamp&quot;:&quot;0&quot;,&quot;copyright&quot;:&quot;&quot;,&quot;focal_length&quot;:&quot;0&quot;,&quot;iso&quot;:&quot;0&quot;,&quot;shutter_speed&quot;:&quot;0&quot;,&quot;title&quot;:&quot;&quot;,&quot;orientation&quot;:&quot;0&quot;}\" data-image-title=\"Mayra-en-la-sesion-de-alumnos-en-el-hcd-4\" data-image-description=\"\" data-image-caption=\"\" data-large-file=\"https:\/\/i0.wp.com\/quanticamedios.com.ar\/wp-content\/uploads\/2021\/09\/Mayra-en-la-sesion-de-alumnos-en-el-hcd-4.jpg?fit=1024%2C682&amp;ssl=1\" role=\"button\" tabindex=\"0\" aria-label=\"Abrir la imagen 4 de 4 en pantalla completa\"data-srcset=\"https:\/\/i2.wp.com\/quanticaradio.com.ar\/wp-content\/uploads\/2021\/09\/Mayra-en-la-sesion-de-alumnos-en-el-hcd-4.jpg?strip=info&#038;w=600&#038;ssl=1 600w,https:\/\/i2.wp.com\/quanticaradio.com.ar\/wp-content\/uploads\/2021\/09\/Mayra-en-la-sesion-de-alumnos-en-el-hcd-4.jpg?strip=info&#038;w=900&#038;ssl=1 900w,https:\/\/i2.wp.com\/quanticaradio.com.ar\/wp-content\/uploads\/2021\/09\/Mayra-en-la-sesion-de-alumnos-en-el-hcd-4.jpg?strip=info&#038;w=1024&#038;ssl=1 1024w\" alt=\"\" data-height=\"682\" data-id=\"2568\" data-link=\"https:\/\/quanticamedios.com.ar\/?attachment_id=2568\" data-url=\"https:\/\/quanticamedios.com.ar\/wp-content\/uploads\/2021\/09\/Mayra-en-la-sesion-de-alumnos-en-el-hcd-4.jpg\" data-width=\"1024\" data-src=\"https:\/\/i2.wp.com\/quanticaradio.com.ar\/wp-content\/uploads\/2021\/09\/Mayra-en-la-sesion-de-alumnos-en-el-hcd-4.jpg?ssl=1\" data-amp-layout=\"responsive\" src=\"data:image\/svg+xml;base64,PHN2ZyB3aWR0aD0iMSIgaGVpZ2h0PSIxIiB4bWxucz0iaHR0cDovL3d3dy53My5vcmcvMjAwMC9zdmciPjwvc3ZnPg==\" class=\"lazyload\" \/><\/figure><\/div><\/div><\/div><\/div>\n\n\n\n<p class=\"has-text-align-justify\">Desde el a\u00f1o pasado, septiembre es el Mes de las Juventudes en Quilmes (Ordenanza N\u00ba 13.354\/2020). En ese marco, se realiz\u00f3 esta sesi\u00f3n especial del HCD bajo el lema \u201cLa juventud le habla al Concejo\u201d, que tuvo como eje tambi\u00e9n la Memoria, Verdad y Justicia para concientizar acerca de los derechos de las y los j\u00f3venes y su historia.<\/p>\n\n\n\n<p class=\"has-text-align-justify\">En ese sentido, durante la sesi\u00f3n, se record\u00f3 que hoy se cumplen 45 a\u00f1os de La Noche de los L\u00e1pices y se rindi\u00f3 homenaje a los y las estudiantes que llevaban adelante su lucha y militancia en los a\u00f1os setenta y fueron v\u00edctimas del terrorismo de Estado.<\/p>\n\n\n\n<p class=\"has-text-align-justify\">Sobre la actividad, el presidente del HCD, Fabio B\u00e1ez, celebr\u00f3 la iniciativa y convoc\u00f3 a que m\u00e1s j\u00f3venes se sumen: <strong><em>\u201cOfrecer la posibilidad de que conozcan qu\u00e9 es el Concejo Deliberante, de qu\u00e9 se trata, qu\u00e9 debatimos y qu\u00e9 posici\u00f3n tomamos creo que es important\u00edsimo para una ciudad que quiere verse de cara al futuro, que quiere crecer, que incluye a todos, que es lo que promulga nuestra Intendenta, una ciudad en la que todos tengamos la posibilidad de hablar. Invitamos a todos los j\u00f3venes a participar, queremos escuchar sus voces, que le hablen a sus representantes, a los concejales que el pueblo eligi\u00f3 y que tambi\u00e9n tienen que escuchar a ese segmento tan importante de nuestra sociedad\u201d<\/em><\/strong>.<\/p>\n\n\n\n<p class=\"has-text-align-justify\">Por su parte, la directora general de Juventudes, Ana Palacios, detall\u00f3 que <strong><em>\u201cparticiparon diez estudiantes de distintas escuelas. Al ingresar al recinto tuvieron un debate muy similar al que tienen habitualmente los concejales y las concejalas, en torno a ciertas tem\u00e1ticas que ellos hab\u00edan elegido previamente. Hoy entre otros proyectos, debatieron acerca de la Educaci\u00f3n Sexual Integral y la necesidad de que esta se implemente en cada escuela del distrito\u201d<\/em><\/strong>.<\/p>\n\n\n\n<p class=\"has-text-align-justify\">Una vez finalizada la sesi\u00f3n, las estudiantes Candela L\u00f3pez (escuela Normal), Sof\u00eda S\u00e1nchez Pi\u00f1eiro (Instituto Manuel Belgrano) y Sol Villot (escuela Nacional) agradecieron el espacio y coincidieron en definir a la experiencia como \u201cmuy enriquecedora\u201d.<\/p>\n\n\n\n<p class=\"has-text-align-justify\">\u201cPudimos aprender y formarnos en el \u00e1mbito del debate\u201d, dijo Candela. \u201cPara los j\u00f3venes que nos interesa mucho la pol\u00edtica fue muy bueno tener la experiencia de estar en una banca\u201d, agreg\u00f3 Sof\u00eda. Y, por \u00faltimo, Sol remarc\u00f3: \u201cEs genial incentivar a los j\u00f3venes a desarrollar un pensamiento cr\u00edtico\u201d.<\/p>\n\n\n\n<p class=\"has-text-align-justify\">Asistieron al evento el secretario de Derechos Humanos del Municipio de Quilmes, Hugo Colaone, y las concejalas Eva Stoltzing, Eva Mieri, Susi Paz y Nair Abad.<\/p>\n","protected":false},"excerpt":{"rendered":"<p>Asistieron al evento el secretario de Derechos Humanos del Municipio de Quilmes, Hugo Colaone, y las concejalas Eva Stoltzing, Eva Mieri, Susi Paz y Nair Abad. \u201cLos convoco a comprometernos&hellip; <\/p>\n","protected":false},"author":2,"featured_media":2568,"comment_status":"open","ping_status":"open","sticky":false,"template":"","format":"standard","meta":{"advanced_seo_description":"","jetpack_seo_html_title":"","jetpack_seo_noindex":false,"jetpack_post_was_ever_published":false,"_jetpack_newsletter_access":"","_jetpack_dont_email_post_to_subs":false,"_jetpack_newsletter_tier_id":0,"_jetpack_memberships_contains_paywalled_content":false,"_jetpack_memberships_contains_paid_content":false,"footnotes":"","jetpack_publicize_message":"","jetpack_publicize_feature_enabled":true,"jetpack_social_post_already_shared":true,"jetpack_social_options":{"image_generator_settings":{"template":"highway","default_image_id":0,"font":"","enabled":false},"version":2}},"categories":[2,33],"tags":[1342,1341,35,5,18,34,26],"class_list":["post-2564","post","type-post","status-publish","format-standard","has-post-thumbnail","hentry","category-municipios","category-quilmes","tag-actividad-legislativa","tag-juventudes","tag-mayra-mendoza","tag-municipios","tag-politica","tag-quilmes","tag-sociedad"],"jetpack_publicize_connections":[],"jetpack_featured_media_url":"https:\/\/i0.wp.com\/quanticamedios.com.ar\/wp-content\/uploads\/2021\/09\/Mayra-en-la-sesion-de-alumnos-en-el-hcd-4.jpg?fit=1024%2C682&ssl=1","jetpack-related-posts":[{"id":669,"url":"https:\/\/quanticamedios.com.ar\/?p=669","url_meta":{"origin":2564,"position":0},"title":"24M: Quilmes se sum\u00f3 a la campa\u00f1a \u00abPlantamos Memoria\u00bb","author":"Gabriel Barrios","date":"24 marzo, 2021","format":false,"excerpt":"La intendenta de Quilmes, Mayra Mendoza, particip\u00f3 esta ma\u00f1ana de otra de las actividades enmarcadas en la conmemoraci\u00f3n del D\u00eda Nacional de la Memoria por la Verdad y la Justicia, en las que plant\u00f3 un \u00e1rbol en el ex Centro Clandestino de Detenci\u00f3n y Tortura (CDDyT) Pozo de Quilmes, de\u2026","rel":"","context":"En \u00abMunicipios\u00bb","block_context":{"text":"Municipios","link":"https:\/\/quanticamedios.com.ar\/?cat=2"},"img":{"alt_text":"","src":"https:\/\/i0.wp.com\/quanticamedios.com.ar\/wp-content\/uploads\/2021\/03\/ar-1.jpg?fit=1024%2C768&ssl=1&resize=350%2C200","width":350,"height":200,"srcset":"https:\/\/i0.wp.com\/quanticamedios.com.ar\/wp-content\/uploads\/2021\/03\/ar-1.jpg?fit=1024%2C768&ssl=1&resize=350%2C200 1x, https:\/\/i0.wp.com\/quanticamedios.com.ar\/wp-content\/uploads\/2021\/03\/ar-1.jpg?fit=1024%2C768&ssl=1&resize=525%2C300 1.5x, https:\/\/i0.wp.com\/quanticamedios.com.ar\/wp-content\/uploads\/2021\/03\/ar-1.jpg?fit=1024%2C768&ssl=1&resize=700%2C400 2x"},"classes":[]},{"id":7171,"url":"https:\/\/quanticamedios.com.ar\/?p=7171","url_meta":{"origin":2564,"position":1},"title":"Mayra present\u00f3 el programa \u00abQuilmes, mi ciudad\u00bb","author":"Gabriel Barrios","date":"27 mayo, 2025","format":false,"excerpt":"La intendenta de Quilmes, Mayra Mendoza, encabez\u00f3 este lunes la presentaci\u00f3n del programa \u201cQuilmes, mi ciudad\u201d, que propone recorrer y contar la historia de distintos puntos ic\u00f3nicos del distrito, en un acto que se desarroll\u00f3 en la Casa de las Culturas, ubicada en Rivadavia 383, del centro de la ciudad.\u2026","rel":"","context":"En \u00abMunicipios\u00bb","block_context":{"text":"Municipios","link":"https:\/\/quanticamedios.com.ar\/?cat=2"},"img":{"alt_text":"","src":"https:\/\/i0.wp.com\/quanticamedios.com.ar\/wp-content\/uploads\/2025\/05\/MAYRA-PRESENTO-EL-PROGRAMA-QUILMES-MI-CIUDAD-QUEREMOS-QUE-SE-CONOZCA-NUESTRA-HISTORIA-2.jpeg?fit=720%2C480&ssl=1&resize=350%2C200","width":350,"height":200,"srcset":"https:\/\/i0.wp.com\/quanticamedios.com.ar\/wp-content\/uploads\/2025\/05\/MAYRA-PRESENTO-EL-PROGRAMA-QUILMES-MI-CIUDAD-QUEREMOS-QUE-SE-CONOZCA-NUESTRA-HISTORIA-2.jpeg?fit=720%2C480&ssl=1&resize=350%2C200 1x, https:\/\/i0.wp.com\/quanticamedios.com.ar\/wp-content\/uploads\/2025\/05\/MAYRA-PRESENTO-EL-PROGRAMA-QUILMES-MI-CIUDAD-QUEREMOS-QUE-SE-CONOZCA-NUESTRA-HISTORIA-2.jpeg?fit=720%2C480&ssl=1&resize=525%2C300 1.5x, https:\/\/i0.wp.com\/quanticamedios.com.ar\/wp-content\/uploads\/2025\/05\/MAYRA-PRESENTO-EL-PROGRAMA-QUILMES-MI-CIUDAD-QUEREMOS-QUE-SE-CONOZCA-NUESTRA-HISTORIA-2.jpeg?fit=720%2C480&ssl=1&resize=700%2C400 2x"},"classes":[]},{"id":3840,"url":"https:\/\/quanticamedios.com.ar\/?p=3840","url_meta":{"origin":2564,"position":2},"title":"Mayra fortalece el \u00e1rea de Defensa Civil","author":"Gabriel Barrios","date":"8 abril, 2022","format":false,"excerpt":"La intendenta de Quilmes, Mayra Mendoza, present\u00f3 este viernes dos camionetas cero kil\u00f3metros que se incorporan a la flota de Defensa Civil y nuevas herramientas de trabajo para el \u00e1rea. \u201cEstamos mejorando las condiciones de trabajo de nuestro personal para poder brindar un mejor servicio a nuestros vecinos y vecinas,\u2026","rel":"","context":"En \u00abMunicipios\u00bb","block_context":{"text":"Municipios","link":"https:\/\/quanticamedios.com.ar\/?cat=2"},"img":{"alt_text":"","src":"https:\/\/i0.wp.com\/quanticamedios.com.ar\/wp-content\/uploads\/2022\/04\/MAYRA-FORTALECE-EL-AREA-DE-DEFENSA-CIVIL-CON-NUEVAS-CAMIONETAS-Y-HERRAMIENTAS-DE-TRABAJO-4.jpeg?fit=1024%2C682&ssl=1&resize=350%2C200","width":350,"height":200,"srcset":"https:\/\/i0.wp.com\/quanticamedios.com.ar\/wp-content\/uploads\/2022\/04\/MAYRA-FORTALECE-EL-AREA-DE-DEFENSA-CIVIL-CON-NUEVAS-CAMIONETAS-Y-HERRAMIENTAS-DE-TRABAJO-4.jpeg?fit=1024%2C682&ssl=1&resize=350%2C200 1x, https:\/\/i0.wp.com\/quanticamedios.com.ar\/wp-content\/uploads\/2022\/04\/MAYRA-FORTALECE-EL-AREA-DE-DEFENSA-CIVIL-CON-NUEVAS-CAMIONETAS-Y-HERRAMIENTAS-DE-TRABAJO-4.jpeg?fit=1024%2C682&ssl=1&resize=525%2C300 1.5x, https:\/\/i0.wp.com\/quanticamedios.com.ar\/wp-content\/uploads\/2022\/04\/MAYRA-FORTALECE-EL-AREA-DE-DEFENSA-CIVIL-CON-NUEVAS-CAMIONETAS-Y-HERRAMIENTAS-DE-TRABAJO-4.jpeg?fit=1024%2C682&ssl=1&resize=700%2C400 2x"},"classes":[]},{"id":2264,"url":"https:\/\/quanticamedios.com.ar\/?p=2264","url_meta":{"origin":2564,"position":3},"title":"Entregaron creditos hipotecarios en Quilmes","author":"Gabriel Barrios","date":"14 agosto, 2021","format":false,"excerpt":"La intendenta de Quilmes, Mayra Mendoza, y el ministro de H\u00e1bitat y Desarrollo Territorial de la Naci\u00f3n, Jorge Ferraresi, encabezaron este mediod\u00eda una nueva entrega de cr\u00e9ditos hipotecarios a adjudicatarios de la l\u00ednea Construcci\u00f3n de Procrear II para vecinos de Quilmes. Particip\u00f3 tambi\u00e9n de la actividad la secretaria de Desarrollo\u2026","rel":"","context":"En \u00abPol\u00edtica\u00bb","block_context":{"text":"Pol\u00edtica","link":"https:\/\/quanticamedios.com.ar\/?cat=15"},"img":{"alt_text":"","src":"https:\/\/i0.wp.com\/quanticamedios.com.ar\/wp-content\/uploads\/2021\/08\/Nueva-entrega-de-creditos-hipotecarios-1.jpg?fit=1024%2C682&ssl=1&resize=350%2C200","width":350,"height":200,"srcset":"https:\/\/i0.wp.com\/quanticamedios.com.ar\/wp-content\/uploads\/2021\/08\/Nueva-entrega-de-creditos-hipotecarios-1.jpg?fit=1024%2C682&ssl=1&resize=350%2C200 1x, https:\/\/i0.wp.com\/quanticamedios.com.ar\/wp-content\/uploads\/2021\/08\/Nueva-entrega-de-creditos-hipotecarios-1.jpg?fit=1024%2C682&ssl=1&resize=525%2C300 1.5x, https:\/\/i0.wp.com\/quanticamedios.com.ar\/wp-content\/uploads\/2021\/08\/Nueva-entrega-de-creditos-hipotecarios-1.jpg?fit=1024%2C682&ssl=1&resize=700%2C400 2x"},"classes":[]},{"id":663,"url":"https:\/\/quanticamedios.com.ar\/?p=663","url_meta":{"origin":2564,"position":4},"title":"Mayra Mendoza: \u201cQuien no respeta el pasado, de ninguna manera puede construir un futuro mejor\u201d","author":"Gabriel Barrios","date":"24 marzo, 2021","format":false,"excerpt":"La intendenta de Quilmes, Mayra Mendoza, encabez\u00f3 esta ma\u00f1ana la colocaci\u00f3n de una placa en homenaje a los trabajadores y las trabajadoras de la salud desparecidos durante la \u00faltima la dictadura c\u00edvico militar, en el Instituto Municipal de Medicina Preventiva Dr. Ram\u00f3n Carrillo (ex Dispensario), ubicado en Torcuato de Alvear\u2026","rel":"","context":"En \u00abMunicipios\u00bb","block_context":{"text":"Municipios","link":"https:\/\/quanticamedios.com.ar\/?cat=2"},"img":{"alt_text":"","src":"https:\/\/i0.wp.com\/quanticamedios.com.ar\/wp-content\/uploads\/2021\/03\/rc-1.jpg?fit=1200%2C801&ssl=1&resize=350%2C200","width":350,"height":200,"srcset":"https:\/\/i0.wp.com\/quanticamedios.com.ar\/wp-content\/uploads\/2021\/03\/rc-1.jpg?fit=1200%2C801&ssl=1&resize=350%2C200 1x, https:\/\/i0.wp.com\/quanticamedios.com.ar\/wp-content\/uploads\/2021\/03\/rc-1.jpg?fit=1200%2C801&ssl=1&resize=525%2C300 1.5x, https:\/\/i0.wp.com\/quanticamedios.com.ar\/wp-content\/uploads\/2021\/03\/rc-1.jpg?fit=1200%2C801&ssl=1&resize=700%2C400 2x, https:\/\/i0.wp.com\/quanticamedios.com.ar\/wp-content\/uploads\/2021\/03\/rc-1.jpg?fit=1200%2C801&ssl=1&resize=1050%2C600 3x"},"classes":[]},{"id":2656,"url":"https:\/\/quanticamedios.com.ar\/?p=2656","url_meta":{"origin":2564,"position":5},"title":"\u00abArgentina Florece\u00bb: Mayra Mendoza particip\u00f3 del festival realizado en el Barrio La Paz","author":"Gabriel Barrios","date":"27 septiembre, 2021","format":false,"excerpt":"La intendenta de Quilmes, Mayra Mendoza, estuvo en la tarde del domingo en el barrio La Paz cuando se llev\u00f3 a cabo un nuevo festival del ciclo \u201cArgentina Florece\u201d, el programa que despliega escenarios al aire libre de forma federal con espect\u00e1culos art\u00edsticos en \u00e1mbitos cuidados, para acompa\u00f1ar el reencuentro\u2026","rel":"","context":"En \u00abMunicipios\u00bb","block_context":{"text":"Municipios","link":"https:\/\/quanticamedios.com.ar\/?cat=2"},"img":{"alt_text":"","src":"https:\/\/i0.wp.com\/quanticamedios.com.ar\/wp-content\/uploads\/2021\/09\/Mayra-en-el-festival-por-el-aniversario-de-la-paz-4.jpg?fit=1200%2C800&ssl=1&resize=350%2C200","width":350,"height":200,"srcset":"https:\/\/i0.wp.com\/quanticamedios.com.ar\/wp-content\/uploads\/2021\/09\/Mayra-en-el-festival-por-el-aniversario-de-la-paz-4.jpg?fit=1200%2C800&ssl=1&resize=350%2C200 1x, https:\/\/i0.wp.com\/quanticamedios.com.ar\/wp-content\/uploads\/2021\/09\/Mayra-en-el-festival-por-el-aniversario-de-la-paz-4.jpg?fit=1200%2C800&ssl=1&resize=525%2C300 1.5x, https:\/\/i0.wp.com\/quanticamedios.com.ar\/wp-content\/uploads\/2021\/09\/Mayra-en-el-festival-por-el-aniversario-de-la-paz-4.jpg?fit=1200%2C800&ssl=1&resize=700%2C400 2x, https:\/\/i0.wp.com\/quanticamedios.com.ar\/wp-content\/uploads\/2021\/09\/Mayra-en-el-festival-por-el-aniversario-de-la-paz-4.jpg?fit=1200%2C800&ssl=1&resize=1050%2C600 3x"},"classes":[]}],"jetpack_shortlink":"https:\/\/wp.me\/ph7tt2-Fm","jetpack_sharing_enabled":true,"jetpack_likes_enabled":true,"amp_enabled":true,"_links":{"self":[{"href":"https:\/\/quanticamedios.com.ar\/index.php?rest_route=\/wp\/v2\/posts\/2564","targetHints":{"allow":["GET"]}}],"collection":[{"href":"https:\/\/quanticamedios.com.ar\/index.php?rest_route=\/wp\/v2\/posts"}],"about":[{"href":"https:\/\/quanticamedios.com.ar\/index.php?rest_route=\/wp\/v2\/types\/post"}],"author":[{"embeddable":true,"href":"https:\/\/quanticamedios.com.ar\/index.php?rest_route=\/wp\/v2\/users\/2"}],"replies":[{"embeddable":true,"href":"https:\/\/quanticamedios.com.ar\/index.php?rest_route=%2Fwp%2Fv2%2Fcomments&post=2564"}],"version-history":[{"count":1,"href":"https:\/\/quanticamedios.com.ar\/index.php?rest_route=\/wp\/v2\/posts\/2564\/revisions"}],"predecessor-version":[{"id":2569,"href":"https:\/\/quanticamedios.com.ar\/index.php?rest_route=\/wp\/v2\/posts\/2564\/revisions\/2569"}],"wp:featuredmedia":[{"embeddable":true,"href":"https:\/\/quanticamedios.com.ar\/index.php?rest_route=\/wp\/v2\/media\/2568"}],"wp:attachment":[{"href":"https:\/\/quanticamedios.com.ar\/index.php?rest_route=%2Fwp%2Fv2%2Fmedia&parent=2564"}],"wp:term":[{"taxonomy":"category","embeddable":true,"href":"https:\/\/quanticamedios.com.ar\/index.php?rest_route=%2Fwp%2Fv2%2Fcategories&post=2564"},{"taxonomy":"post_tag","embeddable":true,"href":"https:\/\/quanticamedios.com.ar\/index.php?rest_route=%2Fwp%2Fv2%2Ftags&post=2564"}],"curies":[{"name":"wp","href":"https:\/\/api.w.org\/{rel}","templated":true}]}}