{"id":2570,"date":"2021-09-16T21:33:39","date_gmt":"2021-09-17T00:33:39","guid":{"rendered":"https:\/\/quanticamedios.com.ar\/?p=2570"},"modified":"2021-09-16T21:33:40","modified_gmt":"2021-09-17T00:33:40","slug":"este-viernes-jornada-floricola-en-la-plaza-san-juan-bautista","status":"publish","type":"post","link":"https:\/\/quanticamedios.com.ar\/?p=2570","title":{"rendered":"Este viernes: jornada flor\u00edcola en la Plaza San Juan Bautista"},"content":{"rendered":"\n<p class=\"has-text-align-justify has-medium-font-size\"><strong><em>En la oportunidad, se exhibir\u00e1n y se pondr\u00e1n a la venta flores de corte, plantas de jard\u00edn, ornamentales y arom\u00e1ticas, entre otras, adem\u00e1s de productos hort\u00edcolas de la zona rural del distrito.<\/em><\/strong><\/p>\n\n\n\n<p class=\"has-text-align-justify\">La secretar\u00eda de Industria y Desarrollo Productivo municipal inform\u00f3 que ma\u00f1ana viernes, de 9:00 a 18:00 horas, en la plaza San Juan Bautista \u2013avenida San Martin y Chacabuco-, se realizar\u00e1 una nueva jornada de promoci\u00f3n hort\u00edcola y flor\u00edcola varelense.<\/p>\n\n\n\n<p class=\"has-text-align-justify\">En la oportunidad, se exhibir\u00e1n y se pondr\u00e1n a la venta flores de corte, plantas de jard\u00edn, ornamentales y arom\u00e1ticas, entre otras, adem\u00e1s de productos hort\u00edcolas de la zona rural del distrito.<\/p>\n\n\n\n<p class=\"has-text-align-justify\">El evento se desarrollar\u00e1 adoptando los cuidados vigentes para evitar contagios de coronavirus.<\/p>\n\n\n\n<div class=\"wp-block-jetpack-tiled-gallery aligncenter is-style-rectangular\"><div class=\"tiled-gallery__gallery\"><div class=\"tiled-gallery__row\"><div class=\"tiled-gallery__col\" style=\"flex-basis:50.00000%\"><figure class=\"tiled-gallery__item\"><img decoding=\"async\" data-attachment-id=\"2571\" data-permalink=\"https:\/\/quanticamedios.com.ar\/?attachment_id=2571\" data-orig-file=\"https:\/\/i0.wp.com\/quanticamedios.com.ar\/wp-content\/uploads\/2021\/09\/flores-2-scaled.jpg?fit=2560%2C1920&amp;ssl=1\" data-orig-size=\"2560,1920\" data-comments-opened=\"1\" data-image-meta=\"{&quot;aperture&quot;:&quot;2.2&quot;,&quot;credit&quot;:&quot;&quot;,&quot;camera&quot;:&quot;iPhone 6&quot;,&quot;caption&quot;:&quot;&quot;,&quot;created_timestamp&quot;:&quot;1631294137&quot;,&quot;copyright&quot;:&quot;&quot;,&quot;focal_length&quot;:&quot;4.15&quot;,&quot;iso&quot;:&quot;32&quot;,&quot;shutter_speed&quot;:&quot;0.0035460992907801&quot;,&quot;title&quot;:&quot;&quot;,&quot;orientation&quot;:&quot;1&quot;}\" data-image-title=\"flores-2\" data-image-description=\"\" data-image-caption=\"\" data-large-file=\"https:\/\/i0.wp.com\/quanticamedios.com.ar\/wp-content\/uploads\/2021\/09\/flores-2-scaled.jpg?fit=1024%2C768&amp;ssl=1\" data-attachment-id=\"2571\" data-permalink=\"https:\/\/quanticamedios.com.ar\/?attachment_id=2571\" data-orig-file=\"https:\/\/i0.wp.com\/quanticamedios.com.ar\/wp-content\/uploads\/2021\/09\/flores-2-scaled.jpg?fit=2560%2C1920&amp;ssl=1\" data-orig-size=\"2560,1920\" data-comments-opened=\"1\" data-image-meta=\"{&quot;aperture&quot;:&quot;2.2&quot;,&quot;credit&quot;:&quot;&quot;,&quot;camera&quot;:&quot;iPhone 6&quot;,&quot;caption&quot;:&quot;&quot;,&quot;created_timestamp&quot;:&quot;1631294137&quot;,&quot;copyright&quot;:&quot;&quot;,&quot;focal_length&quot;:&quot;4.15&quot;,&quot;iso&quot;:&quot;32&quot;,&quot;shutter_speed&quot;:&quot;0.0035460992907801&quot;,&quot;title&quot;:&quot;&quot;,&quot;orientation&quot;:&quot;1&quot;}\" data-image-title=\"flores-2\" data-image-description=\"\" data-image-caption=\"\" data-large-file=\"https:\/\/i0.wp.com\/quanticamedios.com.ar\/wp-content\/uploads\/2021\/09\/flores-2-scaled.jpg?fit=1024%2C768&amp;ssl=1\" role=\"button\" tabindex=\"0\" aria-label=\"Abrir la imagen 1 de 2 en pantalla completa\"data-srcset=\"https:\/\/i1.wp.com\/quanticaradio.com.ar\/wp-content\/uploads\/2021\/09\/flores-2-1024x768.jpg?strip=info&#038;w=600&#038;ssl=1 600w,https:\/\/i1.wp.com\/quanticaradio.com.ar\/wp-content\/uploads\/2021\/09\/flores-2-1024x768.jpg?strip=info&#038;w=900&#038;ssl=1 900w,https:\/\/i1.wp.com\/quanticaradio.com.ar\/wp-content\/uploads\/2021\/09\/flores-2-1024x768.jpg?strip=info&#038;w=1200&#038;ssl=1 1200w,https:\/\/i1.wp.com\/quanticaradio.com.ar\/wp-content\/uploads\/2021\/09\/flores-2-1024x768.jpg?strip=info&#038;w=1500&#038;ssl=1 1500w,https:\/\/i1.wp.com\/quanticaradio.com.ar\/wp-content\/uploads\/2021\/09\/flores-2-1024x768.jpg?strip=info&#038;w=1800&#038;ssl=1 1800w,https:\/\/i1.wp.com\/quanticaradio.com.ar\/wp-content\/uploads\/2021\/09\/flores-2-1024x768.jpg?strip=info&#038;w=2000&#038;ssl=1 2000w\" alt=\"\" data-height=\"1920\" data-id=\"2571\" data-link=\"https:\/\/quanticamedios.com.ar\/?attachment_id=2571\" data-url=\"https:\/\/quanticamedios.com.ar\/wp-content\/uploads\/2021\/09\/flores-2-1024x768.jpg\" data-width=\"2560\" data-src=\"https:\/\/i1.wp.com\/quanticaradio.com.ar\/wp-content\/uploads\/2021\/09\/flores-2-1024x768.jpg?ssl=1\" data-amp-layout=\"responsive\" src=\"data:image\/svg+xml;base64,PHN2ZyB3aWR0aD0iMSIgaGVpZ2h0PSIxIiB4bWxucz0iaHR0cDovL3d3dy53My5vcmcvMjAwMC9zdmciPjwvc3ZnPg==\" class=\"lazyload\" style=\"--smush-placeholder-width: 1024px; --smush-placeholder-aspect-ratio: 1024\/768;\" \/><\/figure><\/div><div class=\"tiled-gallery__col\" style=\"flex-basis:50.00000%\"><figure class=\"tiled-gallery__item\"><img decoding=\"async\" data-attachment-id=\"2572\" data-permalink=\"https:\/\/quanticamedios.com.ar\/?attachment_id=2572\" data-orig-file=\"https:\/\/i0.wp.com\/quanticamedios.com.ar\/wp-content\/uploads\/2021\/09\/Flores-scaled.jpg?fit=2560%2C1920&amp;ssl=1\" data-orig-size=\"2560,1920\" data-comments-opened=\"1\" data-image-meta=\"{&quot;aperture&quot;:&quot;2.2&quot;,&quot;credit&quot;:&quot;&quot;,&quot;camera&quot;:&quot;iPhone 6&quot;,&quot;caption&quot;:&quot;&quot;,&quot;created_timestamp&quot;:&quot;1631294145&quot;,&quot;copyright&quot;:&quot;&quot;,&quot;focal_length&quot;:&quot;4.15&quot;,&quot;iso&quot;:&quot;32&quot;,&quot;shutter_speed&quot;:&quot;0.0084745762711864&quot;,&quot;title&quot;:&quot;&quot;,&quot;orientation&quot;:&quot;1&quot;}\" data-image-title=\"Flores\" data-image-description=\"\" data-image-caption=\"\" data-large-file=\"https:\/\/i0.wp.com\/quanticamedios.com.ar\/wp-content\/uploads\/2021\/09\/Flores-scaled.jpg?fit=1024%2C768&amp;ssl=1\" data-attachment-id=\"2572\" data-permalink=\"https:\/\/quanticamedios.com.ar\/?attachment_id=2572\" data-orig-file=\"https:\/\/i0.wp.com\/quanticamedios.com.ar\/wp-content\/uploads\/2021\/09\/Flores-scaled.jpg?fit=2560%2C1920&amp;ssl=1\" data-orig-size=\"2560,1920\" data-comments-opened=\"1\" data-image-meta=\"{&quot;aperture&quot;:&quot;2.2&quot;,&quot;credit&quot;:&quot;&quot;,&quot;camera&quot;:&quot;iPhone 6&quot;,&quot;caption&quot;:&quot;&quot;,&quot;created_timestamp&quot;:&quot;1631294145&quot;,&quot;copyright&quot;:&quot;&quot;,&quot;focal_length&quot;:&quot;4.15&quot;,&quot;iso&quot;:&quot;32&quot;,&quot;shutter_speed&quot;:&quot;0.0084745762711864&quot;,&quot;title&quot;:&quot;&quot;,&quot;orientation&quot;:&quot;1&quot;}\" data-image-title=\"Flores\" data-image-description=\"\" data-image-caption=\"\" data-large-file=\"https:\/\/i0.wp.com\/quanticamedios.com.ar\/wp-content\/uploads\/2021\/09\/Flores-scaled.jpg?fit=1024%2C768&amp;ssl=1\" role=\"button\" tabindex=\"0\" aria-label=\"Abrir la imagen 2 de 2 en pantalla completa\"data-srcset=\"https:\/\/i1.wp.com\/quanticaradio.com.ar\/wp-content\/uploads\/2021\/09\/Flores-1024x768.jpg?strip=info&#038;w=600&#038;ssl=1 600w,https:\/\/i1.wp.com\/quanticaradio.com.ar\/wp-content\/uploads\/2021\/09\/Flores-1024x768.jpg?strip=info&#038;w=900&#038;ssl=1 900w,https:\/\/i1.wp.com\/quanticaradio.com.ar\/wp-content\/uploads\/2021\/09\/Flores-1024x768.jpg?strip=info&#038;w=1200&#038;ssl=1 1200w,https:\/\/i1.wp.com\/quanticaradio.com.ar\/wp-content\/uploads\/2021\/09\/Flores-1024x768.jpg?strip=info&#038;w=1500&#038;ssl=1 1500w,https:\/\/i1.wp.com\/quanticaradio.com.ar\/wp-content\/uploads\/2021\/09\/Flores-1024x768.jpg?strip=info&#038;w=1800&#038;ssl=1 1800w,https:\/\/i1.wp.com\/quanticaradio.com.ar\/wp-content\/uploads\/2021\/09\/Flores-1024x768.jpg?strip=info&#038;w=2000&#038;ssl=1 2000w\" alt=\"\" data-height=\"1920\" data-id=\"2572\" data-link=\"https:\/\/quanticamedios.com.ar\/?attachment_id=2572\" data-url=\"https:\/\/quanticamedios.com.ar\/wp-content\/uploads\/2021\/09\/Flores-1024x768.jpg\" data-width=\"2560\" data-src=\"https:\/\/i1.wp.com\/quanticaradio.com.ar\/wp-content\/uploads\/2021\/09\/Flores-1024x768.jpg?ssl=1\" data-amp-layout=\"responsive\" src=\"data:image\/svg+xml;base64,PHN2ZyB3aWR0aD0iMSIgaGVpZ2h0PSIxIiB4bWxucz0iaHR0cDovL3d3dy53My5vcmcvMjAwMC9zdmciPjwvc3ZnPg==\" class=\"lazyload\" style=\"--smush-placeholder-width: 1024px; --smush-placeholder-aspect-ratio: 1024\/768;\" \/><\/figure><\/div><\/div><\/div><\/div>\n","protected":false},"excerpt":{"rendered":"<p>En la oportunidad, se exhibir\u00e1n y se pondr\u00e1n a la venta flores de corte, plantas de jard\u00edn, ornamentales y arom\u00e1ticas, entre otras, adem\u00e1s de productos hort\u00edcolas de la zona rural&hellip; <\/p>\n","protected":false},"author":2,"featured_media":2572,"comment_status":"open","ping_status":"open","sticky":false,"template":"","format":"standard","meta":{"advanced_seo_description":"","jetpack_seo_html_title":"","jetpack_seo_noindex":false,"jetpack_post_was_ever_published":false,"_jetpack_newsletter_access":"","_jetpack_dont_email_post_to_subs":false,"_jetpack_newsletter_tier_id":0,"_jetpack_memberships_contains_paywalled_content":false,"_jetpack_memberships_contains_paid_content":false,"footnotes":"","jetpack_publicize_message":"","jetpack_publicize_feature_enabled":true,"jetpack_social_post_already_shared":true,"jetpack_social_options":{"image_generator_settings":{"template":"highway","default_image_id":0,"font":"","enabled":false},"version":2}},"categories":[3,2],"tags":[6,4,192,18,1343,26],"class_list":["post-2570","post","type-post","status-publish","format-standard","has-post-thumbnail","hentry","category-florencio-varela","category-municipios","tag-andres-watson","tag-florencio-varela","tag-pandemia","tag-politica","tag-productores-varelenses","tag-sociedad"],"jetpack_publicize_connections":[],"jetpack_featured_media_url":"https:\/\/i0.wp.com\/quanticamedios.com.ar\/wp-content\/uploads\/2021\/09\/Flores-scaled.jpg?fit=2560%2C1920&ssl=1","jetpack-related-posts":[{"id":208,"url":"https:\/\/quanticamedios.com.ar\/?p=208","url_meta":{"origin":2570,"position":0},"title":"Nueva Jornada de Promoci\u00f3n Flor\u00edcola","author":"Gabriel Barrios","date":"12 febrero, 2021","format":false,"excerpt":"En representaci\u00f3n del intendente Andr\u00e9s Watson, el secretario de Industria y Desarrollo Productivo -Ricardo de la Fuente- recorri\u00f3 la feria, que volver\u00e1 a instalarse ma\u00f1ana y que tiene un motivo especial debido a la proximidad con el D\u00eda de los Enamorados.","rel":"","context":"En \u00abFlorencio Varela\u00bb","block_context":{"text":"Florencio Varela","link":"https:\/\/quanticamedios.com.ar\/?cat=3"},"img":{"alt_text":"","src":"https:\/\/i0.wp.com\/quanticamedios.com.ar\/wp-content\/uploads\/2021\/02\/Flores-1-scaled-e1613185169549.jpg?fit=1200%2C800&ssl=1&resize=350%2C200","width":350,"height":200,"srcset":"https:\/\/i0.wp.com\/quanticamedios.com.ar\/wp-content\/uploads\/2021\/02\/Flores-1-scaled-e1613185169549.jpg?fit=1200%2C800&ssl=1&resize=350%2C200 1x, https:\/\/i0.wp.com\/quanticamedios.com.ar\/wp-content\/uploads\/2021\/02\/Flores-1-scaled-e1613185169549.jpg?fit=1200%2C800&ssl=1&resize=525%2C300 1.5x, https:\/\/i0.wp.com\/quanticamedios.com.ar\/wp-content\/uploads\/2021\/02\/Flores-1-scaled-e1613185169549.jpg?fit=1200%2C800&ssl=1&resize=700%2C400 2x, https:\/\/i0.wp.com\/quanticamedios.com.ar\/wp-content\/uploads\/2021\/02\/Flores-1-scaled-e1613185169549.jpg?fit=1200%2C800&ssl=1&resize=1050%2C600 3x"},"classes":[]},{"id":2420,"url":"https:\/\/quanticamedios.com.ar\/?p=2420","url_meta":{"origin":2570,"position":1},"title":"EducAcci\u00f3n: Jornada educativa en Florencio Varela","author":"Gabriel Barrios","date":"2 septiembre, 2021","format":false,"excerpt":"El s\u00e1bado \u00faltimo, se realiz\u00f3 una jornada con actividades para chicos y chicas en la plaza La Carolina del barrio Ingeniero Allan, en el marco del programa EducAcci\u00f3n en los barrios, promovido por la gesti\u00f3n del intendente Andr\u00e9s Watson y ejecutado desde la secretar\u00eda de Educaci\u00f3n municipal. El fin de\u2026","rel":"","context":"En \u00abFlorencio Varela\u00bb","block_context":{"text":"Florencio Varela","link":"https:\/\/quanticamedios.com.ar\/?cat=3"},"img":{"alt_text":"","src":"https:\/\/i0.wp.com\/quanticamedios.com.ar\/wp-content\/uploads\/2021\/09\/EducAccion-4.jpg?fit=1200%2C799&ssl=1&resize=350%2C200","width":350,"height":200,"srcset":"https:\/\/i0.wp.com\/quanticamedios.com.ar\/wp-content\/uploads\/2021\/09\/EducAccion-4.jpg?fit=1200%2C799&ssl=1&resize=350%2C200 1x, https:\/\/i0.wp.com\/quanticamedios.com.ar\/wp-content\/uploads\/2021\/09\/EducAccion-4.jpg?fit=1200%2C799&ssl=1&resize=525%2C300 1.5x, https:\/\/i0.wp.com\/quanticamedios.com.ar\/wp-content\/uploads\/2021\/09\/EducAccion-4.jpg?fit=1200%2C799&ssl=1&resize=700%2C400 2x, https:\/\/i0.wp.com\/quanticamedios.com.ar\/wp-content\/uploads\/2021\/09\/EducAccion-4.jpg?fit=1200%2C799&ssl=1&resize=1050%2C600 3x"},"classes":[]},{"id":2487,"url":"https:\/\/quanticamedios.com.ar\/?p=2487","url_meta":{"origin":2570,"position":2},"title":"EducAcci\u00f3n, con el planetario m\u00f3vil, estar\u00e1 en plazas de Varela, hasta fin de a\u00f1o","author":"Gabriel Barrios","date":"6 septiembre, 2021","format":false,"excerpt":"El programa EducAcci\u00f3n, que el \u00faltimo fin de semana se desarroll\u00f3 en la plaza San Juan Bautista, continuar\u00e1 el s\u00e1bado 18 en la plaza del barrio Villa del Plata, ubicada en Islas Orcadas, entre 166A y Abraham, entre las 10:00 y las 16:00 horas; y seguir\u00e1 hasta fin de a\u00f1o,\u2026","rel":"","context":"En \u00abFlorencio Varela\u00bb","block_context":{"text":"Florencio Varela","link":"https:\/\/quanticamedios.com.ar\/?cat=3"},"img":{"alt_text":"","src":"https:\/\/i0.wp.com\/quanticamedios.com.ar\/wp-content\/uploads\/2021\/09\/Educ-5-scaled.jpg?fit=1200%2C800&ssl=1&resize=350%2C200","width":350,"height":200,"srcset":"https:\/\/i0.wp.com\/quanticamedios.com.ar\/wp-content\/uploads\/2021\/09\/Educ-5-scaled.jpg?fit=1200%2C800&ssl=1&resize=350%2C200 1x, https:\/\/i0.wp.com\/quanticamedios.com.ar\/wp-content\/uploads\/2021\/09\/Educ-5-scaled.jpg?fit=1200%2C800&ssl=1&resize=525%2C300 1.5x, https:\/\/i0.wp.com\/quanticamedios.com.ar\/wp-content\/uploads\/2021\/09\/Educ-5-scaled.jpg?fit=1200%2C800&ssl=1&resize=700%2C400 2x, https:\/\/i0.wp.com\/quanticamedios.com.ar\/wp-content\/uploads\/2021\/09\/Educ-5-scaled.jpg?fit=1200%2C800&ssl=1&resize=1050%2C600 3x"},"classes":[]},{"id":857,"url":"https:\/\/quanticamedios.com.ar\/?p=857","url_meta":{"origin":2570,"position":3},"title":"Covid &#8211; 19: Cruz Roja realiz\u00f3 testeos en Florencio Varela","author":"Gabriel Barrios","date":"8 abril, 2021","format":false,"excerpt":"La ONG Sanitaria realiz\u00f3 en el distrito una jornada de testeos de coronavirus. De \u00e9sta manera se agilizaron los operativos sanitarios y preventivos. El operativo se hizo ayer, en la plaza San Juan Bautista y hoy en Dante Ardigo. Se cumpli\u00f3 hoy en el distrito, una nueva jornada de testeos\u2026","rel":"","context":"En \u00abSalud\u00bb","block_context":{"text":"Salud","link":"https:\/\/quanticamedios.com.ar\/?cat=117"},"img":{"alt_text":"","src":"https:\/\/i0.wp.com\/quanticamedios.com.ar\/wp-content\/uploads\/2021\/04\/Cruz-Roja-2-scaled.jpg?fit=1200%2C900&ssl=1&resize=350%2C200","width":350,"height":200,"srcset":"https:\/\/i0.wp.com\/quanticamedios.com.ar\/wp-content\/uploads\/2021\/04\/Cruz-Roja-2-scaled.jpg?fit=1200%2C900&ssl=1&resize=350%2C200 1x, https:\/\/i0.wp.com\/quanticamedios.com.ar\/wp-content\/uploads\/2021\/04\/Cruz-Roja-2-scaled.jpg?fit=1200%2C900&ssl=1&resize=525%2C300 1.5x, https:\/\/i0.wp.com\/quanticamedios.com.ar\/wp-content\/uploads\/2021\/04\/Cruz-Roja-2-scaled.jpg?fit=1200%2C900&ssl=1&resize=700%2C400 2x, https:\/\/i0.wp.com\/quanticamedios.com.ar\/wp-content\/uploads\/2021\/04\/Cruz-Roja-2-scaled.jpg?fit=1200%2C900&ssl=1&resize=1050%2C600 3x"},"classes":[]},{"id":2153,"url":"https:\/\/quanticamedios.com.ar\/?p=2153","url_meta":{"origin":2570,"position":4},"title":"COVID &#8211; 19: Hoy vacunaci\u00f3n libre en Plaza San Juan Bautista","author":"Gabriel Barrios","date":"31 julio, 2021","format":false,"excerpt":"En Florencio Varela el total de dosis aplicadas contra la Covid-19 es de 290.920 (primera dosis: 236.438; y segunda dosis: 54.482). En el distrito el total de casos acumulados alcanza a 46.735 personas. La Municipalidad de Florencio Varela, a trav\u00e9s de la secretar\u00eda de Salud informa que hoy s\u00e1bado, entre\u2026","rel":"","context":"En \u00abFlorencio Varela\u00bb","block_context":{"text":"Florencio Varela","link":"https:\/\/quanticamedios.com.ar\/?cat=3"},"img":{"alt_text":"","src":"https:\/\/i0.wp.com\/quanticamedios.com.ar\/wp-content\/uploads\/2021\/07\/Posta-Vacunatoria-2.jpeg?fit=1200%2C900&ssl=1&resize=350%2C200","width":350,"height":200,"srcset":"https:\/\/i0.wp.com\/quanticamedios.com.ar\/wp-content\/uploads\/2021\/07\/Posta-Vacunatoria-2.jpeg?fit=1200%2C900&ssl=1&resize=350%2C200 1x, https:\/\/i0.wp.com\/quanticamedios.com.ar\/wp-content\/uploads\/2021\/07\/Posta-Vacunatoria-2.jpeg?fit=1200%2C900&ssl=1&resize=525%2C300 1.5x, https:\/\/i0.wp.com\/quanticamedios.com.ar\/wp-content\/uploads\/2021\/07\/Posta-Vacunatoria-2.jpeg?fit=1200%2C900&ssl=1&resize=700%2C400 2x, https:\/\/i0.wp.com\/quanticamedios.com.ar\/wp-content\/uploads\/2021\/07\/Posta-Vacunatoria-2.jpeg?fit=1200%2C900&ssl=1&resize=1050%2C600 3x"},"classes":[]},{"id":2574,"url":"https:\/\/quanticamedios.com.ar\/?p=2574","url_meta":{"origin":2570,"position":5},"title":"Feria del Libro Varelense: \u201cleer para crear, escribir para transformar\u201d","author":"Gabriel Barrios","date":"16 septiembre, 2021","format":false,"excerpt":"La Municipalidad de Florencio Varela, a trav\u00e9s de su secretar\u00eda de Educaci\u00f3n, se encuentra organizando lo que ser\u00e1 la feria municipal del libro, prevista para los d\u00edas jueves 23, viernes 24 y s\u00e1bado 25 del corriente mes, con entrada gratuita, en instalaciones que se montar\u00e1n en la plaza San Juan\u2026","rel":"","context":"En \u00abFlorencio Varela\u00bb","block_context":{"text":"Florencio Varela","link":"https:\/\/quanticamedios.com.ar\/?cat=3"},"img":{"alt_text":"","src":"https:\/\/i0.wp.com\/quanticamedios.com.ar\/wp-content\/uploads\/2021\/09\/Libro-4.jpg?fit=1200%2C800&ssl=1&resize=350%2C200","width":350,"height":200,"srcset":"https:\/\/i0.wp.com\/quanticamedios.com.ar\/wp-content\/uploads\/2021\/09\/Libro-4.jpg?fit=1200%2C800&ssl=1&resize=350%2C200 1x, https:\/\/i0.wp.com\/quanticamedios.com.ar\/wp-content\/uploads\/2021\/09\/Libro-4.jpg?fit=1200%2C800&ssl=1&resize=525%2C300 1.5x, https:\/\/i0.wp.com\/quanticamedios.com.ar\/wp-content\/uploads\/2021\/09\/Libro-4.jpg?fit=1200%2C800&ssl=1&resize=700%2C400 2x, https:\/\/i0.wp.com\/quanticamedios.com.ar\/wp-content\/uploads\/2021\/09\/Libro-4.jpg?fit=1200%2C800&ssl=1&resize=1050%2C600 3x"},"classes":[]}],"jetpack_shortlink":"https:\/\/wp.me\/ph7tt2-Fs","jetpack_sharing_enabled":true,"jetpack_likes_enabled":true,"amp_enabled":true,"_links":{"self":[{"href":"https:\/\/quanticamedios.com.ar\/index.php?rest_route=\/wp\/v2\/posts\/2570","targetHints":{"allow":["GET"]}}],"collection":[{"href":"https:\/\/quanticamedios.com.ar\/index.php?rest_route=\/wp\/v2\/posts"}],"about":[{"href":"https:\/\/quanticamedios.com.ar\/index.php?rest_route=\/wp\/v2\/types\/post"}],"author":[{"embeddable":true,"href":"https:\/\/quanticamedios.com.ar\/index.php?rest_route=\/wp\/v2\/users\/2"}],"replies":[{"embeddable":true,"href":"https:\/\/quanticamedios.com.ar\/index.php?rest_route=%2Fwp%2Fv2%2Fcomments&post=2570"}],"version-history":[{"count":1,"href":"https:\/\/quanticamedios.com.ar\/index.php?rest_route=\/wp\/v2\/posts\/2570\/revisions"}],"predecessor-version":[{"id":2573,"href":"https:\/\/quanticamedios.com.ar\/index.php?rest_route=\/wp\/v2\/posts\/2570\/revisions\/2573"}],"wp:featuredmedia":[{"embeddable":true,"href":"https:\/\/quanticamedios.com.ar\/index.php?rest_route=\/wp\/v2\/media\/2572"}],"wp:attachment":[{"href":"https:\/\/quanticamedios.com.ar\/index.php?rest_route=%2Fwp%2Fv2%2Fmedia&parent=2570"}],"wp:term":[{"taxonomy":"category","embeddable":true,"href":"https:\/\/quanticamedios.com.ar\/index.php?rest_route=%2Fwp%2Fv2%2Fcategories&post=2570"},{"taxonomy":"post_tag","embeddable":true,"href":"https:\/\/quanticamedios.com.ar\/index.php?rest_route=%2Fwp%2Fv2%2Ftags&post=2570"}],"curies":[{"name":"wp","href":"https:\/\/api.w.org\/{rel}","templated":true}]}}