{"id":3274,"date":"2022-01-03T21:46:58","date_gmt":"2022-01-04T00:46:58","guid":{"rendered":"https:\/\/quanticamedios.com.ar\/?p=3274"},"modified":"2022-01-03T21:46:59","modified_gmt":"2022-01-04T00:46:59","slug":"mayra-dio-inicio-al-programa-de-natacion-verano-2022-en-el-polideportivo-municipal","status":"publish","type":"post","link":"https:\/\/quanticamedios.com.ar\/?p=3274","title":{"rendered":"Mayra dio inicio al programa de nataci\u00f3n verano 2022 en el polideportivo municipal"},"content":{"rendered":"\n<p class=\"has-text-align-justify has-medium-font-size\"><strong><em>La intendenta de Quilmes, Mayra Mendoza, visit\u00f3 el Polideportivo Municipal Reinaldo Gorno, ubicado en Vicente L\u00f3pez y Lafinur, en la primera jornada del Programa de Verano de Nataci\u00f3n, que este a\u00f1o alcanz\u00f3 el mayor n\u00famero de participantes con 450 inscriptos.<\/em><\/strong><\/p>\n\n\n\n<p class=\"has-text-align-justify\"><strong><em>\u201cA partir de este programa para mayores de 9 a\u00f1os, nuestros vecinos y vecinas tienen acceso gratuito a esta pr\u00e1ctica deportiva y pueden disfrutar de nuestro Polideportivo Municipal. Desde el Gobierno seguimos acercando pol\u00edticas a nuestra comunidad y garantizando derechos para todos y todas\u201d<\/em><\/strong>, asegur\u00f3 la Jefa comunal.<\/p>\n\n\n\n<p class=\"has-text-align-justify\">Adem\u00e1s de las clases de nataci\u00f3n, en la pileta del Polideportivo se desarrollar\u00e1n a lo largo del verano las colonias de vacaciones para personas mayores y para personas con discapacidad. Tambi\u00e9n podr\u00e1n disfrutarla los ni\u00f1os y ni\u00f1as que asistan al programa ATR, iniciativa que impulsa el Gobierno Bonaerense en articulaci\u00f3n con los municipios y que promueve actividades educativas, deportivas, culturales y recreativas.<\/p>\n\n\n\n<p>Estuvieron presentes en la jornada la directora del Polideportivo, Paola Villar, y el coordinador general de Deportes, Gabriel Vaccaro<\/p>\n\n\n\n<div class=\"wp-block-jetpack-tiled-gallery aligncenter is-style-rectangular\"><div class=\"tiled-gallery__gallery\"><div class=\"tiled-gallery__row\"><div class=\"tiled-gallery__col\" style=\"flex-basis:66.78756%\"><figure class=\"tiled-gallery__item\"><img decoding=\"async\" data-attachment-id=\"3275\" data-permalink=\"https:\/\/quanticamedios.com.ar\/?attachment_id=3275\" data-orig-file=\"https:\/\/i0.wp.com\/quanticamedios.com.ar\/wp-content\/uploads\/2022\/01\/MAYRA-DIO-INICIO-AL-PROGRAMA-DE-NATACION-DE-VERANO-2022-EN-EL-POLIDEPORTIVO-MUNICIPAL-4.jpeg?fit=1024%2C682&amp;ssl=1\" data-orig-size=\"1024,682\" data-comments-opened=\"1\" data-image-meta=\"{&quot;aperture&quot;:&quot;0&quot;,&quot;credit&quot;:&quot;&quot;,&quot;camera&quot;:&quot;&quot;,&quot;caption&quot;:&quot;&quot;,&quot;created_timestamp&quot;:&quot;0&quot;,&quot;copyright&quot;:&quot;&quot;,&quot;focal_length&quot;:&quot;0&quot;,&quot;iso&quot;:&quot;0&quot;,&quot;shutter_speed&quot;:&quot;0&quot;,&quot;title&quot;:&quot;&quot;,&quot;orientation&quot;:&quot;0&quot;}\" data-image-title=\"MAYRA-DIO-INICIO-AL-PROGRAMA-DE-NATACION-DE-VERANO-2022-EN-EL-POLIDEPORTIVO-MUNICIPAL-4\" data-image-description=\"\" data-image-caption=\"\" data-large-file=\"https:\/\/i0.wp.com\/quanticamedios.com.ar\/wp-content\/uploads\/2022\/01\/MAYRA-DIO-INICIO-AL-PROGRAMA-DE-NATACION-DE-VERANO-2022-EN-EL-POLIDEPORTIVO-MUNICIPAL-4.jpeg?fit=1024%2C682&amp;ssl=1\" data-attachment-id=\"3275\" data-permalink=\"https:\/\/quanticamedios.com.ar\/?attachment_id=3275\" data-orig-file=\"https:\/\/i0.wp.com\/quanticamedios.com.ar\/wp-content\/uploads\/2022\/01\/MAYRA-DIO-INICIO-AL-PROGRAMA-DE-NATACION-DE-VERANO-2022-EN-EL-POLIDEPORTIVO-MUNICIPAL-4.jpeg?fit=1024%2C682&amp;ssl=1\" data-orig-size=\"1024,682\" data-comments-opened=\"1\" data-image-meta=\"{&quot;aperture&quot;:&quot;0&quot;,&quot;credit&quot;:&quot;&quot;,&quot;camera&quot;:&quot;&quot;,&quot;caption&quot;:&quot;&quot;,&quot;created_timestamp&quot;:&quot;0&quot;,&quot;copyright&quot;:&quot;&quot;,&quot;focal_length&quot;:&quot;0&quot;,&quot;iso&quot;:&quot;0&quot;,&quot;shutter_speed&quot;:&quot;0&quot;,&quot;title&quot;:&quot;&quot;,&quot;orientation&quot;:&quot;0&quot;}\" data-image-title=\"MAYRA-DIO-INICIO-AL-PROGRAMA-DE-NATACION-DE-VERANO-2022-EN-EL-POLIDEPORTIVO-MUNICIPAL-4\" data-image-description=\"\" data-image-caption=\"\" data-large-file=\"https:\/\/i0.wp.com\/quanticamedios.com.ar\/wp-content\/uploads\/2022\/01\/MAYRA-DIO-INICIO-AL-PROGRAMA-DE-NATACION-DE-VERANO-2022-EN-EL-POLIDEPORTIVO-MUNICIPAL-4.jpeg?fit=1024%2C682&amp;ssl=1\" role=\"button\" tabindex=\"0\" aria-label=\"Abrir la imagen 1 de 4 en pantalla completa\"data-srcset=\"https:\/\/i1.wp.com\/quanticaradio.com.ar\/wp-content\/uploads\/2022\/01\/MAYRA-DIO-INICIO-AL-PROGRAMA-DE-NATACION-DE-VERANO-2022-EN-EL-POLIDEPORTIVO-MUNICIPAL-4.jpeg?strip=info&#038;w=600&#038;ssl=1 600w,https:\/\/i1.wp.com\/quanticaradio.com.ar\/wp-content\/uploads\/2022\/01\/MAYRA-DIO-INICIO-AL-PROGRAMA-DE-NATACION-DE-VERANO-2022-EN-EL-POLIDEPORTIVO-MUNICIPAL-4.jpeg?strip=info&#038;w=900&#038;ssl=1 900w,https:\/\/i1.wp.com\/quanticaradio.com.ar\/wp-content\/uploads\/2022\/01\/MAYRA-DIO-INICIO-AL-PROGRAMA-DE-NATACION-DE-VERANO-2022-EN-EL-POLIDEPORTIVO-MUNICIPAL-4.jpeg?strip=info&#038;w=1024&#038;ssl=1 1024w\" alt=\"\" data-height=\"682\" data-id=\"3275\" data-link=\"https:\/\/quanticamedios.com.ar\/?attachment_id=3275\" data-url=\"https:\/\/quanticamedios.com.ar\/wp-content\/uploads\/2022\/01\/MAYRA-DIO-INICIO-AL-PROGRAMA-DE-NATACION-DE-VERANO-2022-EN-EL-POLIDEPORTIVO-MUNICIPAL-4.jpeg\" data-width=\"1024\" data-src=\"https:\/\/i1.wp.com\/quanticaradio.com.ar\/wp-content\/uploads\/2022\/01\/MAYRA-DIO-INICIO-AL-PROGRAMA-DE-NATACION-DE-VERANO-2022-EN-EL-POLIDEPORTIVO-MUNICIPAL-4.jpeg?ssl=1\" data-amp-layout=\"responsive\" src=\"data:image\/svg+xml;base64,PHN2ZyB3aWR0aD0iMSIgaGVpZ2h0PSIxIiB4bWxucz0iaHR0cDovL3d3dy53My5vcmcvMjAwMC9zdmciPjwvc3ZnPg==\" class=\"lazyload\" \/><\/figure><\/div><div class=\"tiled-gallery__col\" style=\"flex-basis:33.21244%\"><figure class=\"tiled-gallery__item\"><img decoding=\"async\" data-attachment-id=\"3276\" data-permalink=\"https:\/\/quanticamedios.com.ar\/?attachment_id=3276\" data-orig-file=\"https:\/\/i0.wp.com\/quanticamedios.com.ar\/wp-content\/uploads\/2022\/01\/MAYRA-DIO-INICIO-AL-PROGRAMA-DE-NATACION-DE-VERANO-2022-EN-EL-POLIDEPORTIVO-MUNICIPAL-3.jpeg?fit=1024%2C682&amp;ssl=1\" data-orig-size=\"1024,682\" data-comments-opened=\"1\" data-image-meta=\"{&quot;aperture&quot;:&quot;0&quot;,&quot;credit&quot;:&quot;&quot;,&quot;camera&quot;:&quot;&quot;,&quot;caption&quot;:&quot;&quot;,&quot;created_timestamp&quot;:&quot;0&quot;,&quot;copyright&quot;:&quot;&quot;,&quot;focal_length&quot;:&quot;0&quot;,&quot;iso&quot;:&quot;0&quot;,&quot;shutter_speed&quot;:&quot;0&quot;,&quot;title&quot;:&quot;&quot;,&quot;orientation&quot;:&quot;0&quot;}\" data-image-title=\"MAYRA-DIO-INICIO-AL-PROGRAMA-DE-NATACION-DE-VERANO-2022-EN-EL-POLIDEPORTIVO-MUNICIPAL-3\" data-image-description=\"\" data-image-caption=\"\" data-large-file=\"https:\/\/i0.wp.com\/quanticamedios.com.ar\/wp-content\/uploads\/2022\/01\/MAYRA-DIO-INICIO-AL-PROGRAMA-DE-NATACION-DE-VERANO-2022-EN-EL-POLIDEPORTIVO-MUNICIPAL-3.jpeg?fit=1024%2C682&amp;ssl=1\" data-attachment-id=\"3276\" data-permalink=\"https:\/\/quanticamedios.com.ar\/?attachment_id=3276\" data-orig-file=\"https:\/\/i0.wp.com\/quanticamedios.com.ar\/wp-content\/uploads\/2022\/01\/MAYRA-DIO-INICIO-AL-PROGRAMA-DE-NATACION-DE-VERANO-2022-EN-EL-POLIDEPORTIVO-MUNICIPAL-3.jpeg?fit=1024%2C682&amp;ssl=1\" data-orig-size=\"1024,682\" data-comments-opened=\"1\" data-image-meta=\"{&quot;aperture&quot;:&quot;0&quot;,&quot;credit&quot;:&quot;&quot;,&quot;camera&quot;:&quot;&quot;,&quot;caption&quot;:&quot;&quot;,&quot;created_timestamp&quot;:&quot;0&quot;,&quot;copyright&quot;:&quot;&quot;,&quot;focal_length&quot;:&quot;0&quot;,&quot;iso&quot;:&quot;0&quot;,&quot;shutter_speed&quot;:&quot;0&quot;,&quot;title&quot;:&quot;&quot;,&quot;orientation&quot;:&quot;0&quot;}\" data-image-title=\"MAYRA-DIO-INICIO-AL-PROGRAMA-DE-NATACION-DE-VERANO-2022-EN-EL-POLIDEPORTIVO-MUNICIPAL-3\" data-image-description=\"\" data-image-caption=\"\" data-large-file=\"https:\/\/i0.wp.com\/quanticamedios.com.ar\/wp-content\/uploads\/2022\/01\/MAYRA-DIO-INICIO-AL-PROGRAMA-DE-NATACION-DE-VERANO-2022-EN-EL-POLIDEPORTIVO-MUNICIPAL-3.jpeg?fit=1024%2C682&amp;ssl=1\" role=\"button\" tabindex=\"0\" aria-label=\"Abrir la imagen 2 de 4 en pantalla completa\"data-srcset=\"https:\/\/i1.wp.com\/quanticaradio.com.ar\/wp-content\/uploads\/2022\/01\/MAYRA-DIO-INICIO-AL-PROGRAMA-DE-NATACION-DE-VERANO-2022-EN-EL-POLIDEPORTIVO-MUNICIPAL-3.jpeg?strip=info&#038;w=600&#038;ssl=1 600w,https:\/\/i1.wp.com\/quanticaradio.com.ar\/wp-content\/uploads\/2022\/01\/MAYRA-DIO-INICIO-AL-PROGRAMA-DE-NATACION-DE-VERANO-2022-EN-EL-POLIDEPORTIVO-MUNICIPAL-3.jpeg?strip=info&#038;w=900&#038;ssl=1 900w,https:\/\/i1.wp.com\/quanticaradio.com.ar\/wp-content\/uploads\/2022\/01\/MAYRA-DIO-INICIO-AL-PROGRAMA-DE-NATACION-DE-VERANO-2022-EN-EL-POLIDEPORTIVO-MUNICIPAL-3.jpeg?strip=info&#038;w=1024&#038;ssl=1 1024w\" alt=\"\" data-height=\"682\" data-id=\"3276\" data-link=\"https:\/\/quanticamedios.com.ar\/?attachment_id=3276\" data-url=\"https:\/\/quanticamedios.com.ar\/wp-content\/uploads\/2022\/01\/MAYRA-DIO-INICIO-AL-PROGRAMA-DE-NATACION-DE-VERANO-2022-EN-EL-POLIDEPORTIVO-MUNICIPAL-3.jpeg\" data-width=\"1024\" data-src=\"https:\/\/i1.wp.com\/quanticaradio.com.ar\/wp-content\/uploads\/2022\/01\/MAYRA-DIO-INICIO-AL-PROGRAMA-DE-NATACION-DE-VERANO-2022-EN-EL-POLIDEPORTIVO-MUNICIPAL-3.jpeg?ssl=1\" data-amp-layout=\"responsive\" src=\"data:image\/svg+xml;base64,PHN2ZyB3aWR0aD0iMSIgaGVpZ2h0PSIxIiB4bWxucz0iaHR0cDovL3d3dy53My5vcmcvMjAwMC9zdmciPjwvc3ZnPg==\" class=\"lazyload\" \/><\/figure><figure class=\"tiled-gallery__item\"><img decoding=\"async\" data-attachment-id=\"3277\" data-permalink=\"https:\/\/quanticamedios.com.ar\/?attachment_id=3277\" data-orig-file=\"https:\/\/i0.wp.com\/quanticamedios.com.ar\/wp-content\/uploads\/2022\/01\/MAYRA-DIO-INICIO-AL-PROGRAMA-DE-NATACION-DE-VERANO-2022-EN-EL-POLIDEPORTIVO-MUNICIPAL-1.jpeg?fit=1024%2C682&amp;ssl=1\" data-orig-size=\"1024,682\" data-comments-opened=\"1\" data-image-meta=\"{&quot;aperture&quot;:&quot;0&quot;,&quot;credit&quot;:&quot;&quot;,&quot;camera&quot;:&quot;&quot;,&quot;caption&quot;:&quot;&quot;,&quot;created_timestamp&quot;:&quot;0&quot;,&quot;copyright&quot;:&quot;&quot;,&quot;focal_length&quot;:&quot;0&quot;,&quot;iso&quot;:&quot;0&quot;,&quot;shutter_speed&quot;:&quot;0&quot;,&quot;title&quot;:&quot;&quot;,&quot;orientation&quot;:&quot;0&quot;}\" data-image-title=\"MAYRA-DIO-INICIO-AL-PROGRAMA-DE-NATACION-DE-VERANO-2022-EN-EL-POLIDEPORTIVO-MUNICIPAL-1\" data-image-description=\"\" data-image-caption=\"\" data-large-file=\"https:\/\/i0.wp.com\/quanticamedios.com.ar\/wp-content\/uploads\/2022\/01\/MAYRA-DIO-INICIO-AL-PROGRAMA-DE-NATACION-DE-VERANO-2022-EN-EL-POLIDEPORTIVO-MUNICIPAL-1.jpeg?fit=1024%2C682&amp;ssl=1\" data-attachment-id=\"3277\" data-permalink=\"https:\/\/quanticamedios.com.ar\/?attachment_id=3277\" data-orig-file=\"https:\/\/i0.wp.com\/quanticamedios.com.ar\/wp-content\/uploads\/2022\/01\/MAYRA-DIO-INICIO-AL-PROGRAMA-DE-NATACION-DE-VERANO-2022-EN-EL-POLIDEPORTIVO-MUNICIPAL-1.jpeg?fit=1024%2C682&amp;ssl=1\" data-orig-size=\"1024,682\" data-comments-opened=\"1\" data-image-meta=\"{&quot;aperture&quot;:&quot;0&quot;,&quot;credit&quot;:&quot;&quot;,&quot;camera&quot;:&quot;&quot;,&quot;caption&quot;:&quot;&quot;,&quot;created_timestamp&quot;:&quot;0&quot;,&quot;copyright&quot;:&quot;&quot;,&quot;focal_length&quot;:&quot;0&quot;,&quot;iso&quot;:&quot;0&quot;,&quot;shutter_speed&quot;:&quot;0&quot;,&quot;title&quot;:&quot;&quot;,&quot;orientation&quot;:&quot;0&quot;}\" data-image-title=\"MAYRA-DIO-INICIO-AL-PROGRAMA-DE-NATACION-DE-VERANO-2022-EN-EL-POLIDEPORTIVO-MUNICIPAL-1\" data-image-description=\"\" data-image-caption=\"\" data-large-file=\"https:\/\/i0.wp.com\/quanticamedios.com.ar\/wp-content\/uploads\/2022\/01\/MAYRA-DIO-INICIO-AL-PROGRAMA-DE-NATACION-DE-VERANO-2022-EN-EL-POLIDEPORTIVO-MUNICIPAL-1.jpeg?fit=1024%2C682&amp;ssl=1\" role=\"button\" tabindex=\"0\" aria-label=\"Abrir la imagen 3 de 4 en pantalla completa\"data-srcset=\"https:\/\/i1.wp.com\/quanticaradio.com.ar\/wp-content\/uploads\/2022\/01\/MAYRA-DIO-INICIO-AL-PROGRAMA-DE-NATACION-DE-VERANO-2022-EN-EL-POLIDEPORTIVO-MUNICIPAL-1.jpeg?strip=info&#038;w=600&#038;ssl=1 600w,https:\/\/i1.wp.com\/quanticaradio.com.ar\/wp-content\/uploads\/2022\/01\/MAYRA-DIO-INICIO-AL-PROGRAMA-DE-NATACION-DE-VERANO-2022-EN-EL-POLIDEPORTIVO-MUNICIPAL-1.jpeg?strip=info&#038;w=900&#038;ssl=1 900w,https:\/\/i1.wp.com\/quanticaradio.com.ar\/wp-content\/uploads\/2022\/01\/MAYRA-DIO-INICIO-AL-PROGRAMA-DE-NATACION-DE-VERANO-2022-EN-EL-POLIDEPORTIVO-MUNICIPAL-1.jpeg?strip=info&#038;w=1024&#038;ssl=1 1024w\" alt=\"\" data-height=\"682\" data-id=\"3277\" data-link=\"https:\/\/quanticamedios.com.ar\/?attachment_id=3277\" data-url=\"https:\/\/quanticamedios.com.ar\/wp-content\/uploads\/2022\/01\/MAYRA-DIO-INICIO-AL-PROGRAMA-DE-NATACION-DE-VERANO-2022-EN-EL-POLIDEPORTIVO-MUNICIPAL-1.jpeg\" data-width=\"1024\" data-src=\"https:\/\/i1.wp.com\/quanticaradio.com.ar\/wp-content\/uploads\/2022\/01\/MAYRA-DIO-INICIO-AL-PROGRAMA-DE-NATACION-DE-VERANO-2022-EN-EL-POLIDEPORTIVO-MUNICIPAL-1.jpeg?ssl=1\" data-amp-layout=\"responsive\" src=\"data:image\/svg+xml;base64,PHN2ZyB3aWR0aD0iMSIgaGVpZ2h0PSIxIiB4bWxucz0iaHR0cDovL3d3dy53My5vcmcvMjAwMC9zdmciPjwvc3ZnPg==\" class=\"lazyload\" \/><\/figure><\/div><\/div><div class=\"tiled-gallery__row\"><div class=\"tiled-gallery__col\" style=\"flex-basis:100.00000%\"><figure class=\"tiled-gallery__item\"><img decoding=\"async\" data-attachment-id=\"3278\" data-permalink=\"https:\/\/quanticamedios.com.ar\/?attachment_id=3278\" data-orig-file=\"https:\/\/i0.wp.com\/quanticamedios.com.ar\/wp-content\/uploads\/2022\/01\/MAYRA-DIO-INICIO-AL-PROGRAMA-DE-NATACION-DE-VERANO-2022-EN-EL-POLIDEPORTIVO-MUNICIPAL-2.jpeg?fit=1024%2C682&amp;ssl=1\" data-orig-size=\"1024,682\" data-comments-opened=\"1\" data-image-meta=\"{&quot;aperture&quot;:&quot;0&quot;,&quot;credit&quot;:&quot;&quot;,&quot;camera&quot;:&quot;&quot;,&quot;caption&quot;:&quot;&quot;,&quot;created_timestamp&quot;:&quot;0&quot;,&quot;copyright&quot;:&quot;&quot;,&quot;focal_length&quot;:&quot;0&quot;,&quot;iso&quot;:&quot;0&quot;,&quot;shutter_speed&quot;:&quot;0&quot;,&quot;title&quot;:&quot;&quot;,&quot;orientation&quot;:&quot;0&quot;}\" data-image-title=\"MAYRA-DIO-INICIO-AL-PROGRAMA-DE-NATACION-DE-VERANO-2022-EN-EL-POLIDEPORTIVO-MUNICIPAL-2\" data-image-description=\"\" data-image-caption=\"\" data-large-file=\"https:\/\/i0.wp.com\/quanticamedios.com.ar\/wp-content\/uploads\/2022\/01\/MAYRA-DIO-INICIO-AL-PROGRAMA-DE-NATACION-DE-VERANO-2022-EN-EL-POLIDEPORTIVO-MUNICIPAL-2.jpeg?fit=1024%2C682&amp;ssl=1\" data-attachment-id=\"3278\" data-permalink=\"https:\/\/quanticamedios.com.ar\/?attachment_id=3278\" data-orig-file=\"https:\/\/i0.wp.com\/quanticamedios.com.ar\/wp-content\/uploads\/2022\/01\/MAYRA-DIO-INICIO-AL-PROGRAMA-DE-NATACION-DE-VERANO-2022-EN-EL-POLIDEPORTIVO-MUNICIPAL-2.jpeg?fit=1024%2C682&amp;ssl=1\" data-orig-size=\"1024,682\" data-comments-opened=\"1\" data-image-meta=\"{&quot;aperture&quot;:&quot;0&quot;,&quot;credit&quot;:&quot;&quot;,&quot;camera&quot;:&quot;&quot;,&quot;caption&quot;:&quot;&quot;,&quot;created_timestamp&quot;:&quot;0&quot;,&quot;copyright&quot;:&quot;&quot;,&quot;focal_length&quot;:&quot;0&quot;,&quot;iso&quot;:&quot;0&quot;,&quot;shutter_speed&quot;:&quot;0&quot;,&quot;title&quot;:&quot;&quot;,&quot;orientation&quot;:&quot;0&quot;}\" data-image-title=\"MAYRA-DIO-INICIO-AL-PROGRAMA-DE-NATACION-DE-VERANO-2022-EN-EL-POLIDEPORTIVO-MUNICIPAL-2\" data-image-description=\"\" data-image-caption=\"\" data-large-file=\"https:\/\/i0.wp.com\/quanticamedios.com.ar\/wp-content\/uploads\/2022\/01\/MAYRA-DIO-INICIO-AL-PROGRAMA-DE-NATACION-DE-VERANO-2022-EN-EL-POLIDEPORTIVO-MUNICIPAL-2.jpeg?fit=1024%2C682&amp;ssl=1\" role=\"button\" tabindex=\"0\" aria-label=\"Abrir la imagen 4 de 4 en pantalla completa\"data-srcset=\"https:\/\/i2.wp.com\/quanticaradio.com.ar\/wp-content\/uploads\/2022\/01\/MAYRA-DIO-INICIO-AL-PROGRAMA-DE-NATACION-DE-VERANO-2022-EN-EL-POLIDEPORTIVO-MUNICIPAL-2.jpeg?strip=info&#038;w=600&#038;ssl=1 600w,https:\/\/i2.wp.com\/quanticaradio.com.ar\/wp-content\/uploads\/2022\/01\/MAYRA-DIO-INICIO-AL-PROGRAMA-DE-NATACION-DE-VERANO-2022-EN-EL-POLIDEPORTIVO-MUNICIPAL-2.jpeg?strip=info&#038;w=900&#038;ssl=1 900w,https:\/\/i2.wp.com\/quanticaradio.com.ar\/wp-content\/uploads\/2022\/01\/MAYRA-DIO-INICIO-AL-PROGRAMA-DE-NATACION-DE-VERANO-2022-EN-EL-POLIDEPORTIVO-MUNICIPAL-2.jpeg?strip=info&#038;w=1024&#038;ssl=1 1024w\" alt=\"\" data-height=\"682\" data-id=\"3278\" data-link=\"https:\/\/quanticamedios.com.ar\/?attachment_id=3278\" data-url=\"https:\/\/quanticamedios.com.ar\/wp-content\/uploads\/2022\/01\/MAYRA-DIO-INICIO-AL-PROGRAMA-DE-NATACION-DE-VERANO-2022-EN-EL-POLIDEPORTIVO-MUNICIPAL-2.jpeg\" data-width=\"1024\" data-src=\"https:\/\/i2.wp.com\/quanticaradio.com.ar\/wp-content\/uploads\/2022\/01\/MAYRA-DIO-INICIO-AL-PROGRAMA-DE-NATACION-DE-VERANO-2022-EN-EL-POLIDEPORTIVO-MUNICIPAL-2.jpeg?ssl=1\" data-amp-layout=\"responsive\" src=\"data:image\/svg+xml;base64,PHN2ZyB3aWR0aD0iMSIgaGVpZ2h0PSIxIiB4bWxucz0iaHR0cDovL3d3dy53My5vcmcvMjAwMC9zdmciPjwvc3ZnPg==\" class=\"lazyload\" \/><\/figure><\/div><\/div><\/div><\/div>\n","protected":false},"excerpt":{"rendered":"<p>La intendenta de Quilmes, Mayra Mendoza, visit\u00f3 el Polideportivo Municipal Reinaldo Gorno, ubicado en Vicente L\u00f3pez y Lafinur, en la primera jornada del Programa de Verano de Nataci\u00f3n, que este&hellip; <\/p>\n","protected":false},"author":2,"featured_media":3278,"comment_status":"open","ping_status":"open","sticky":false,"template":"","format":"standard","meta":{"advanced_seo_description":"","jetpack_seo_html_title":"","jetpack_seo_noindex":false,"jetpack_post_was_ever_published":false,"_jetpack_newsletter_access":"","_jetpack_dont_email_post_to_subs":false,"_jetpack_newsletter_tier_id":0,"_jetpack_memberships_contains_paywalled_content":false,"_jetpack_memberships_contains_paid_content":false,"footnotes":"","jetpack_publicize_message":"","jetpack_publicize_feature_enabled":true,"jetpack_social_post_already_shared":true,"jetpack_social_options":{"image_generator_settings":{"template":"highway","default_image_id":0,"font":"","enabled":false},"version":2}},"categories":[2,33],"tags":[35,18,34,26,1503],"class_list":["post-3274","post","type-post","status-publish","format-standard","has-post-thumbnail","hentry","category-municipios","category-quilmes","tag-mayra-mendoza","tag-politica","tag-quilmes","tag-sociedad","tag-verano-2022"],"jetpack_publicize_connections":[],"jetpack_featured_media_url":"https:\/\/i0.wp.com\/quanticamedios.com.ar\/wp-content\/uploads\/2022\/01\/MAYRA-DIO-INICIO-AL-PROGRAMA-DE-NATACION-DE-VERANO-2022-EN-EL-POLIDEPORTIVO-MUNICIPAL-2.jpeg?fit=1024%2C682&ssl=1","jetpack-related-posts":[{"id":2127,"url":"https:\/\/quanticamedios.com.ar\/?p=2127","url_meta":{"origin":3274,"position":0},"title":"Mayra superviso la primera jornada del programa \u00abHermanar\u00bb","author":"Gabriel Barrios","date":"27 julio, 2021","format":false,"excerpt":"La intendenta de Quilmes, Mayra Mendoza, supervis\u00f3 esta tarde el desarrollo de la primera jornada del programa \u201cHermanar\u201d que se hizo en el Polideportivo Municipal \u201cReinaldo Gorno\u201d, de Quilmes Oeste. Esta iniciativa consta de la realizaci\u00f3n de 10 encuentros donde se dictan clases de manicur\u00eda y pedicur\u00eda a las mujeres\u2026","rel":"","context":"En \u00abMunicipios\u00bb","block_context":{"text":"Municipios","link":"https:\/\/quanticamedios.com.ar\/?cat=2"},"img":{"alt_text":"","src":"https:\/\/i0.wp.com\/quanticamedios.com.ar\/wp-content\/uploads\/2021\/07\/Mayra-en-el-primer-encuentro-del-programa-hermanar-4.jpg?fit=853%2C568&ssl=1&resize=350%2C200","width":350,"height":200,"srcset":"https:\/\/i0.wp.com\/quanticamedios.com.ar\/wp-content\/uploads\/2021\/07\/Mayra-en-el-primer-encuentro-del-programa-hermanar-4.jpg?fit=853%2C568&ssl=1&resize=350%2C200 1x, https:\/\/i0.wp.com\/quanticamedios.com.ar\/wp-content\/uploads\/2021\/07\/Mayra-en-el-primer-encuentro-del-programa-hermanar-4.jpg?fit=853%2C568&ssl=1&resize=525%2C300 1.5x, https:\/\/i0.wp.com\/quanticamedios.com.ar\/wp-content\/uploads\/2021\/07\/Mayra-en-el-primer-encuentro-del-programa-hermanar-4.jpg?fit=853%2C568&ssl=1&resize=700%2C400 2x"},"classes":[]},{"id":7171,"url":"https:\/\/quanticamedios.com.ar\/?p=7171","url_meta":{"origin":3274,"position":1},"title":"Mayra present\u00f3 el programa \u00abQuilmes, mi ciudad\u00bb","author":"Gabriel Barrios","date":"27 mayo, 2025","format":false,"excerpt":"La intendenta de Quilmes, Mayra Mendoza, encabez\u00f3 este lunes la presentaci\u00f3n del programa \u201cQuilmes, mi ciudad\u201d, que propone recorrer y contar la historia de distintos puntos ic\u00f3nicos del distrito, en un acto que se desarroll\u00f3 en la Casa de las Culturas, ubicada en Rivadavia 383, del centro de la ciudad.\u2026","rel":"","context":"En \u00abMunicipios\u00bb","block_context":{"text":"Municipios","link":"https:\/\/quanticamedios.com.ar\/?cat=2"},"img":{"alt_text":"","src":"https:\/\/i0.wp.com\/quanticamedios.com.ar\/wp-content\/uploads\/2025\/05\/MAYRA-PRESENTO-EL-PROGRAMA-QUILMES-MI-CIUDAD-QUEREMOS-QUE-SE-CONOZCA-NUESTRA-HISTORIA-2.jpeg?fit=720%2C480&ssl=1&resize=350%2C200","width":350,"height":200,"srcset":"https:\/\/i0.wp.com\/quanticamedios.com.ar\/wp-content\/uploads\/2025\/05\/MAYRA-PRESENTO-EL-PROGRAMA-QUILMES-MI-CIUDAD-QUEREMOS-QUE-SE-CONOZCA-NUESTRA-HISTORIA-2.jpeg?fit=720%2C480&ssl=1&resize=350%2C200 1x, https:\/\/i0.wp.com\/quanticamedios.com.ar\/wp-content\/uploads\/2025\/05\/MAYRA-PRESENTO-EL-PROGRAMA-QUILMES-MI-CIUDAD-QUEREMOS-QUE-SE-CONOZCA-NUESTRA-HISTORIA-2.jpeg?fit=720%2C480&ssl=1&resize=525%2C300 1.5x, https:\/\/i0.wp.com\/quanticamedios.com.ar\/wp-content\/uploads\/2025\/05\/MAYRA-PRESENTO-EL-PROGRAMA-QUILMES-MI-CIUDAD-QUEREMOS-QUE-SE-CONOZCA-NUESTRA-HISTORIA-2.jpeg?fit=720%2C480&ssl=1&resize=700%2C400 2x"},"classes":[]},{"id":3861,"url":"https:\/\/quanticamedios.com.ar\/?p=3861","url_meta":{"origin":3274,"position":2},"title":"Quilmes. Aumento y bono a municipales","author":"Gabriel Barrios","date":"13 abril, 2022","format":false,"excerpt":"En el marco de la negociaci\u00f3n paritaria, la intendenta de Quilmes, Mayra Mendoza, anunci\u00f3 que se lleg\u00f3 a un acuerdo con los sindicatos para actualizar los salarios de los trabajadores y trabajadoras municipales durante este a\u00f1o 2022. El mismo consistir\u00e1 en un bono extraordinario de $10.000 que se cobrar\u00e1 en\u2026","rel":"","context":"En \u00abQuilmes\u00bb","block_context":{"text":"Quilmes","link":"https:\/\/quanticamedios.com.ar\/?cat=33"},"img":{"alt_text":"","src":"https:\/\/i0.wp.com\/quanticamedios.com.ar\/wp-content\/uploads\/2022\/04\/LA-INTENDENTA-MAYRA-MENDOZA-ANUNCIO-UN-AUMENTO-SALARIAL-DEL-482-Y-UN-BONO-DE-10.000-PARA-TODOS-LOS-TRABAJADORAS-Y-TRABAJADORAS-MUNICIPALES-2.jpeg?fit=1024%2C738&ssl=1&resize=350%2C200","width":350,"height":200,"srcset":"https:\/\/i0.wp.com\/quanticamedios.com.ar\/wp-content\/uploads\/2022\/04\/LA-INTENDENTA-MAYRA-MENDOZA-ANUNCIO-UN-AUMENTO-SALARIAL-DEL-482-Y-UN-BONO-DE-10.000-PARA-TODOS-LOS-TRABAJADORAS-Y-TRABAJADORAS-MUNICIPALES-2.jpeg?fit=1024%2C738&ssl=1&resize=350%2C200 1x, https:\/\/i0.wp.com\/quanticamedios.com.ar\/wp-content\/uploads\/2022\/04\/LA-INTENDENTA-MAYRA-MENDOZA-ANUNCIO-UN-AUMENTO-SALARIAL-DEL-482-Y-UN-BONO-DE-10.000-PARA-TODOS-LOS-TRABAJADORAS-Y-TRABAJADORAS-MUNICIPALES-2.jpeg?fit=1024%2C738&ssl=1&resize=525%2C300 1.5x, https:\/\/i0.wp.com\/quanticamedios.com.ar\/wp-content\/uploads\/2022\/04\/LA-INTENDENTA-MAYRA-MENDOZA-ANUNCIO-UN-AUMENTO-SALARIAL-DEL-482-Y-UN-BONO-DE-10.000-PARA-TODOS-LOS-TRABAJADORAS-Y-TRABAJADORAS-MUNICIPALES-2.jpeg?fit=1024%2C738&ssl=1&resize=700%2C400 2x"},"classes":[]},{"id":584,"url":"https:\/\/quanticamedios.com.ar\/?p=584","url_meta":{"origin":3274,"position":3},"title":"Junto al ministro Berni Mayra Mendoza present\u00f3 patrulleros nuevos para Quilmes","author":"Gabriel Barrios","date":"12 marzo, 2021","format":false,"excerpt":"Adem\u00e1s, la Intendenta y el Ministro hablaron con dos vecinas de Don Bosco sobre la posibilidad de que esa localidad cuente con una Comisar\u00eda, uno de los pedidos hist\u00f3ricos de ese barrio.","rel":"","context":"En \u00abMunicipios\u00bb","block_context":{"text":"Municipios","link":"https:\/\/quanticamedios.com.ar\/?cat=2"},"img":{"alt_text":"","src":"https:\/\/i0.wp.com\/quanticamedios.com.ar\/wp-content\/uploads\/2021\/03\/Mayra-con-Berni-presentacion-40-moviles-1.jpg?fit=960%2C640&ssl=1&resize=350%2C200","width":350,"height":200,"srcset":"https:\/\/i0.wp.com\/quanticamedios.com.ar\/wp-content\/uploads\/2021\/03\/Mayra-con-Berni-presentacion-40-moviles-1.jpg?fit=960%2C640&ssl=1&resize=350%2C200 1x, https:\/\/i0.wp.com\/quanticamedios.com.ar\/wp-content\/uploads\/2021\/03\/Mayra-con-Berni-presentacion-40-moviles-1.jpg?fit=960%2C640&ssl=1&resize=525%2C300 1.5x, https:\/\/i0.wp.com\/quanticamedios.com.ar\/wp-content\/uploads\/2021\/03\/Mayra-con-Berni-presentacion-40-moviles-1.jpg?fit=960%2C640&ssl=1&resize=700%2C400 2x"},"classes":[]},{"id":3718,"url":"https:\/\/quanticamedios.com.ar\/?p=3718","url_meta":{"origin":3274,"position":4},"title":"Mayra Mendoza y Axel Kicillof recorrieron obras en Quilmes","author":"Gabriel Barrios","date":"31 marzo, 2022","format":false,"excerpt":"La intendenta de Quilmes, Mayra Mendoza, recibi\u00f3 en la ma\u00f1ana del jueves al gobernador de la provincia de Buenos Aires, Axel Kicillof, con quien, acompa\u00f1ados de vecinos, recorri\u00f3 las obras de asfalto que se concretan en La Ribera de Quilmes, los trabajos del nuevo espacio comunitario del barrio Novak y\u2026","rel":"","context":"En \u00abMunicipios\u00bb","block_context":{"text":"Municipios","link":"https:\/\/quanticamedios.com.ar\/?cat=2"},"img":{"alt_text":"","src":"https:\/\/i0.wp.com\/quanticamedios.com.ar\/wp-content\/uploads\/2022\/03\/MAYRA-Y-KICILLOF-RECORRIDA-POR-OBRAS-EN-EL-DISTRITO-3.jpg?fit=1200%2C800&ssl=1&resize=350%2C200","width":350,"height":200,"srcset":"https:\/\/i0.wp.com\/quanticamedios.com.ar\/wp-content\/uploads\/2022\/03\/MAYRA-Y-KICILLOF-RECORRIDA-POR-OBRAS-EN-EL-DISTRITO-3.jpg?fit=1200%2C800&ssl=1&resize=350%2C200 1x, https:\/\/i0.wp.com\/quanticamedios.com.ar\/wp-content\/uploads\/2022\/03\/MAYRA-Y-KICILLOF-RECORRIDA-POR-OBRAS-EN-EL-DISTRITO-3.jpg?fit=1200%2C800&ssl=1&resize=525%2C300 1.5x, https:\/\/i0.wp.com\/quanticamedios.com.ar\/wp-content\/uploads\/2022\/03\/MAYRA-Y-KICILLOF-RECORRIDA-POR-OBRAS-EN-EL-DISTRITO-3.jpg?fit=1200%2C800&ssl=1&resize=700%2C400 2x, https:\/\/i0.wp.com\/quanticamedios.com.ar\/wp-content\/uploads\/2022\/03\/MAYRA-Y-KICILLOF-RECORRIDA-POR-OBRAS-EN-EL-DISTRITO-3.jpg?fit=1200%2C800&ssl=1&resize=1050%2C600 3x"},"classes":[]},{"id":4439,"url":"https:\/\/quanticamedios.com.ar\/?p=4439","url_meta":{"origin":3274,"position":5},"title":"Quilmes: Se abre la inscripci\u00f3n para las clases de nataci\u00f3n","author":"Gabriel Barrios","date":"19 julio, 2022","format":false,"excerpt":"El municipio de Quilmes informa que se abre inscripci\u00f3n al segundo semestre del programa de nataci\u00f3n en el Club Alem\u00e1n, de avenida Hip\u00f3lito Yrigoyen 1400; Quilmes Atl\u00e9tico Club, Guido 449; Club Atl\u00e9tico Bernal, Labard\u00e9n 527; Club Cooperarios, Andrade 3056; Club Social y Deportivo 12 de Octubre, avenida 12 de Octubre\u2026","rel":"","context":"En \u00abMunicipios\u00bb","block_context":{"text":"Municipios","link":"https:\/\/quanticamedios.com.ar\/?cat=2"},"img":{"alt_text":"","src":"https:\/\/i0.wp.com\/quanticamedios.com.ar\/wp-content\/uploads\/2022\/07\/SE-ABRE-LA-INSCRIPCION-DE-CLASES-DE-NATACION.jpg?fit=1170%2C658&ssl=1&resize=350%2C200","width":350,"height":200,"srcset":"https:\/\/i0.wp.com\/quanticamedios.com.ar\/wp-content\/uploads\/2022\/07\/SE-ABRE-LA-INSCRIPCION-DE-CLASES-DE-NATACION.jpg?fit=1170%2C658&ssl=1&resize=350%2C200 1x, https:\/\/i0.wp.com\/quanticamedios.com.ar\/wp-content\/uploads\/2022\/07\/SE-ABRE-LA-INSCRIPCION-DE-CLASES-DE-NATACION.jpg?fit=1170%2C658&ssl=1&resize=525%2C300 1.5x, https:\/\/i0.wp.com\/quanticamedios.com.ar\/wp-content\/uploads\/2022\/07\/SE-ABRE-LA-INSCRIPCION-DE-CLASES-DE-NATACION.jpg?fit=1170%2C658&ssl=1&resize=700%2C400 2x, https:\/\/i0.wp.com\/quanticamedios.com.ar\/wp-content\/uploads\/2022\/07\/SE-ABRE-LA-INSCRIPCION-DE-CLASES-DE-NATACION.jpg?fit=1170%2C658&ssl=1&resize=1050%2C600 3x"},"classes":[]}],"jetpack_shortlink":"https:\/\/wp.me\/ph7tt2-QO","jetpack_sharing_enabled":true,"jetpack_likes_enabled":true,"amp_enabled":true,"_links":{"self":[{"href":"https:\/\/quanticamedios.com.ar\/index.php?rest_route=\/wp\/v2\/posts\/3274","targetHints":{"allow":["GET"]}}],"collection":[{"href":"https:\/\/quanticamedios.com.ar\/index.php?rest_route=\/wp\/v2\/posts"}],"about":[{"href":"https:\/\/quanticamedios.com.ar\/index.php?rest_route=\/wp\/v2\/types\/post"}],"author":[{"embeddable":true,"href":"https:\/\/quanticamedios.com.ar\/index.php?rest_route=\/wp\/v2\/users\/2"}],"replies":[{"embeddable":true,"href":"https:\/\/quanticamedios.com.ar\/index.php?rest_route=%2Fwp%2Fv2%2Fcomments&post=3274"}],"version-history":[{"count":1,"href":"https:\/\/quanticamedios.com.ar\/index.php?rest_route=\/wp\/v2\/posts\/3274\/revisions"}],"predecessor-version":[{"id":3279,"href":"https:\/\/quanticamedios.com.ar\/index.php?rest_route=\/wp\/v2\/posts\/3274\/revisions\/3279"}],"wp:featuredmedia":[{"embeddable":true,"href":"https:\/\/quanticamedios.com.ar\/index.php?rest_route=\/wp\/v2\/media\/3278"}],"wp:attachment":[{"href":"https:\/\/quanticamedios.com.ar\/index.php?rest_route=%2Fwp%2Fv2%2Fmedia&parent=3274"}],"wp:term":[{"taxonomy":"category","embeddable":true,"href":"https:\/\/quanticamedios.com.ar\/index.php?rest_route=%2Fwp%2Fv2%2Fcategories&post=3274"},{"taxonomy":"post_tag","embeddable":true,"href":"https:\/\/quanticamedios.com.ar\/index.php?rest_route=%2Fwp%2Fv2%2Ftags&post=3274"}],"curies":[{"name":"wp","href":"https:\/\/api.w.org\/{rel}","templated":true}]}}