{"id":587,"date":"2021-03-12T21:53:00","date_gmt":"2021-03-13T00:53:00","guid":{"rendered":"https:\/\/quanticamedios.com.ar\/?p=587"},"modified":"2021-03-13T21:57:03","modified_gmt":"2021-03-14T00:57:03","slug":"operativo-quilmes-cerca-en-ezpeleta","status":"publish","type":"post","link":"https:\/\/quanticamedios.com.ar\/?p=587","title":{"rendered":"Operativo \u00abQuilmes Cerca\u00bb en Ezpeleta"},"content":{"rendered":"\n<p class=\"has-text-align-justify\"><strong><em>La intendenta de Quilmes, Mayra Mendoza, recorri\u00f3 este viernes el CIC 2 de Abril de Ezpeleta, donde de 9 a 13, se desarroll\u00f3 el operativo Quilmes Cerca, de asesoramiento y gesti\u00f3n de tr\u00e1mites de distintos organismos del Estado.<\/em><\/strong><\/p>\n\n\n\n<p class=\"has-text-align-justify\"><strong><em>\u201cEstuvimos en el operativo Quilmes Cerca que se desarroll\u00f3 en el CIC 2 de Abril de Ezpeleta. Trabajamos para que nuestros vecinos cuenten con un Estado \u00e1gil, puedan gestionar y resolver tr\u00e1mites de distintos organismos nacionales y pol\u00edticas municipales\u201d<\/em><\/strong>, dijo la Intendenta.<\/p>\n\n\n\n<p class=\"has-text-align-justify\">En las oficinas m\u00f3viles instaladas en el Centro de Integraci\u00f3n Comunitaria de Ezpeleta Oeste, ubicado en Florida, entre Mart\u00edn Rodr\u00edguez y Necochea, las familias pudieron renovar y actualizar su DNI y realizar la preinscripci\u00f3n al Plan Provincial de Vacunaci\u00f3n Gratuito, P\u00fablico y Optativo contra el coronavirus, entre otras asistencias.<\/p>\n\n\n\n<p>Hasta el d\u00eda de hoy, Quilmes Cerca durante sus 35 jornadas, recorri\u00f3 18 barrios y super\u00f3 las 13.000 atenciones de vecinas y vecinos del distrito.<\/p>\n\n\n\n<p class=\"has-text-align-justify\">El programa municipal Quilmes Cerca acerca a los vecinos y vecinas vacunas del calendario oficial, informes e inscripci\u00f3n a la vacunaci\u00f3n contra el Covid-19, consejer\u00eda en salud sexual, asesoramiento en Migraciones y tr\u00e1mites de PAMI, ANSES, 200 tr\u00e1mites arancelados del RENAPER, inscripci\u00f3n al programa Progresar, adem\u00e1s de los servicios y stands municipales de Acceso a la Justicia, Ni\u00f1ez y Desarrollo Social, Seguridad, Mujeres y Diversidades, Educaci\u00f3n, Culturas y Deportes y atenci\u00f3n de Zoonosis.<\/p>\n\n\n\n<p class=\"has-text-align-justify\">En tanto, ma\u00f1ana, s\u00e1bado 13, la jornada de Quilmes Cerca se realizar\u00e1 en el Centro de Gesti\u00f3n y Participaci\u00f3n Ciudadana Ribera de Bernal (Tom\u00e1s Espora y Ribera de Bernal), en el horario de 9 a 13.<\/p>\n\n\n\n<p class=\"has-text-align-justify\">La mandataria estuvo acompa\u00f1ada por Juli\u00e1n Bellido, coordinador de Descentralizaci\u00f3n de la Jefatura de Gabinete y Luciana Arona, Directora del CIC 2 de Abril.<\/p>\n\n\n\n<h2 class=\"wp-block-heading\"><strong>Cronograma de Quilmes Cerca<\/strong><\/h2>\n\n\n\n<p>Jornadas de Quilmes Cerca de las pr\u00f3ximas semanas (de 9 a 13):<\/p>\n\n\n\n<p>\u2022&nbsp;&nbsp;&nbsp;&nbsp;&nbsp;&nbsp;&nbsp;&nbsp;&nbsp; Lunes 15 y martes 16. CAPS Villa Alcira (Lago L\u00e1car y Tacuar\u00ed, Bernal Este).<\/p>\n\n\n\n<p>\u2022&nbsp;&nbsp;&nbsp;&nbsp;&nbsp;&nbsp;&nbsp;&nbsp;&nbsp; Jueves 18 y viernes 19. Base Operativa Villa La Florida (calle 849 esquina 882, Villa La Florida).<\/p>\n\n\n\n<p>\u2022&nbsp;&nbsp;&nbsp;&nbsp;&nbsp;&nbsp;&nbsp;&nbsp;&nbsp; Lunes 22 y martes 23: Plaza 12 de Octubre Barrio Atuel (Santiago del Estero entre R\u00edo Atuel y R\u00edo Desaguadero, Ezpeleta Este).<\/p>\n\n\n\n<p>&nbsp;\u2022&nbsp;&nbsp;&nbsp;&nbsp;&nbsp;&nbsp;&nbsp;&nbsp; Jueves 25 y viernes 26: CAPS Dos Avenidas (calle 885 esquina 803, Quilmes Oeste).<\/p>\n","protected":false},"excerpt":{"rendered":"<p>Hasta el d\u00eda de hoy, Quilmes Cerca durante sus 35 jornadas, recorri\u00f3 18 barrios y super\u00f3 las 13.000 atenciones de vecinas y vecinos del distrito.<\/p>\n","protected":false},"author":2,"featured_media":588,"comment_status":"open","ping_status":"open","sticky":false,"template":"","format":"standard","meta":{"advanced_seo_description":"","jetpack_seo_html_title":"","jetpack_seo_noindex":false,"jetpack_post_was_ever_published":false,"_jetpack_newsletter_access":"","_jetpack_dont_email_post_to_subs":false,"_jetpack_newsletter_tier_id":0,"_jetpack_memberships_contains_paywalled_content":false,"_jetpack_memberships_contains_paid_content":false,"footnotes":"","jetpack_publicize_message":"","jetpack_publicize_feature_enabled":true,"jetpack_social_post_already_shared":true,"jetpack_social_options":{"image_generator_settings":{"template":"highway","default_image_id":0,"font":"","enabled":false},"version":2}},"categories":[2,33],"tags":[108,35,12,34],"class_list":["post-587","post","type-post","status-publish","format-standard","has-post-thumbnail","hentry","category-municipios","category-quilmes","tag-ezpeleta","tag-mayra-mendoza","tag-politicas-publicas","tag-quilmes"],"jetpack_publicize_connections":[],"jetpack_featured_media_url":"https:\/\/i0.wp.com\/quanticamedios.com.ar\/wp-content\/uploads\/2021\/03\/Mayra-en-Quilmes-Cerca-1203-4.jpg?fit=1024%2C683&ssl=1","jetpack-related-posts":[{"id":3421,"url":"https:\/\/quanticamedios.com.ar\/?p=3421","url_meta":{"origin":587,"position":0},"title":"Siguen los operativos del programa Quilmes Cerca","author":"Gabriel Barrios","date":"15 febrero, 2022","format":false,"excerpt":"El Municipio de Quilmes informa que contin\u00faan los operativos territoriales del programa Quilmes Cerca, donde los vecinos y las vecinas pueden realizar tr\u00e1mites y consultas de forma descentralizada. En la jornada del martes el operativo se desarroll\u00f3 en el merendero El Tr\u00e9bol (calle 394 entre Jujuy y Lamadrid, Quilmes Oeste).\u2026","rel":"","context":"En \u00abMunicipios\u00bb","block_context":{"text":"Municipios","link":"https:\/\/quanticamedios.com.ar\/?cat=2"},"img":{"alt_text":"","src":"https:\/\/i0.wp.com\/quanticamedios.com.ar\/wp-content\/uploads\/2022\/02\/QUILMES-CERCA-2.jpg?fit=1080%2C720&ssl=1&resize=350%2C200","width":350,"height":200,"srcset":"https:\/\/i0.wp.com\/quanticamedios.com.ar\/wp-content\/uploads\/2022\/02\/QUILMES-CERCA-2.jpg?fit=1080%2C720&ssl=1&resize=350%2C200 1x, https:\/\/i0.wp.com\/quanticamedios.com.ar\/wp-content\/uploads\/2022\/02\/QUILMES-CERCA-2.jpg?fit=1080%2C720&ssl=1&resize=525%2C300 1.5x, https:\/\/i0.wp.com\/quanticamedios.com.ar\/wp-content\/uploads\/2022\/02\/QUILMES-CERCA-2.jpg?fit=1080%2C720&ssl=1&resize=700%2C400 2x, https:\/\/i0.wp.com\/quanticamedios.com.ar\/wp-content\/uploads\/2022\/02\/QUILMES-CERCA-2.jpg?fit=1080%2C720&ssl=1&resize=1050%2C600 3x"},"classes":[]},{"id":877,"url":"https:\/\/quanticamedios.com.ar\/?p=877","url_meta":{"origin":587,"position":1},"title":"Mayra Mendoza supervis\u00f3 operativo de vacunaci\u00f3n","author":"Gabriel Barrios","date":"9 abril, 2021","format":false,"excerpt":"La intendenta de Quilmes, Mayra Mendoza, supervis\u00f3 el desarrollo de la campa\u00f1a de vacunaci\u00f3n contra el COVID en el Centro de Integraci\u00f3n Comunitario (CIC) La Paz y resalt\u00f3 el avance en las aplicaciones y la necesidad de reforzar los cuidados. Luego se dirigi\u00f3 al CIC IAPI, donde culmin\u00f3 otra jornada\u2026","rel":"","context":"En \u00abMunicipios\u00bb","block_context":{"text":"Municipios","link":"https:\/\/quanticamedios.com.ar\/?cat=2"},"img":{"alt_text":"","src":"https:\/\/i0.wp.com\/quanticamedios.com.ar\/wp-content\/uploads\/2021\/04\/MAYRA-SUPERVISO-LA-APLICACION-DE-VACUNAS-CONTRA-EL-COVID-EN-LA-NUEVA-ETAPA-DE-LA-PANDEMIA-4.jpeg?fit=1024%2C682&ssl=1&resize=350%2C200","width":350,"height":200,"srcset":"https:\/\/i0.wp.com\/quanticamedios.com.ar\/wp-content\/uploads\/2021\/04\/MAYRA-SUPERVISO-LA-APLICACION-DE-VACUNAS-CONTRA-EL-COVID-EN-LA-NUEVA-ETAPA-DE-LA-PANDEMIA-4.jpeg?fit=1024%2C682&ssl=1&resize=350%2C200 1x, https:\/\/i0.wp.com\/quanticamedios.com.ar\/wp-content\/uploads\/2021\/04\/MAYRA-SUPERVISO-LA-APLICACION-DE-VACUNAS-CONTRA-EL-COVID-EN-LA-NUEVA-ETAPA-DE-LA-PANDEMIA-4.jpeg?fit=1024%2C682&ssl=1&resize=525%2C300 1.5x, https:\/\/i0.wp.com\/quanticamedios.com.ar\/wp-content\/uploads\/2021\/04\/MAYRA-SUPERVISO-LA-APLICACION-DE-VACUNAS-CONTRA-EL-COVID-EN-LA-NUEVA-ETAPA-DE-LA-PANDEMIA-4.jpeg?fit=1024%2C682&ssl=1&resize=700%2C400 2x"},"classes":[]},{"id":3942,"url":"https:\/\/quanticamedios.com.ar\/?p=3942","url_meta":{"origin":587,"position":2},"title":"Quilmes: Contin\u00faan los operativos de limpieza","author":"Gabriel Barrios","date":"15 abril, 2022","format":false,"excerpt":"El Municipio de Quilmes contin\u00faa con los trabajos integrales de limpieza, mantenimiento de arroyos, bacheo, desmalezado y levantamiento de ramas y mont\u00edculos en toda la ciudad, en el marco del programa Quilmes Limpio que impulsa la intendenta Mayra Mendoza. A lo largo de la semana, las cuadrillas de la Secretar\u00eda\u2026","rel":"","context":"En \u00abMunicipios\u00bb","block_context":{"text":"Municipios","link":"https:\/\/quanticamedios.com.ar\/?cat=2"},"img":{"alt_text":"","src":"https:\/\/i0.wp.com\/quanticamedios.com.ar\/wp-content\/uploads\/2022\/04\/SSPP-15-4-3.jpg?fit=720%2C553&ssl=1&resize=350%2C200","width":350,"height":200,"srcset":"https:\/\/i0.wp.com\/quanticamedios.com.ar\/wp-content\/uploads\/2022\/04\/SSPP-15-4-3.jpg?fit=720%2C553&ssl=1&resize=350%2C200 1x, https:\/\/i0.wp.com\/quanticamedios.com.ar\/wp-content\/uploads\/2022\/04\/SSPP-15-4-3.jpg?fit=720%2C553&ssl=1&resize=525%2C300 1.5x, https:\/\/i0.wp.com\/quanticamedios.com.ar\/wp-content\/uploads\/2022\/04\/SSPP-15-4-3.jpg?fit=720%2C553&ssl=1&resize=700%2C400 2x"},"classes":[]},{"id":2069,"url":"https:\/\/quanticamedios.com.ar\/?p=2069","url_meta":{"origin":587,"position":3},"title":"Obras el\u00e9ctricas en Quilmes. Municipio firma acuerdo con EDESUR","author":"Gabriel Barrios","date":"22 julio, 2021","format":false,"excerpt":"El Municipio de Quilmes y Edesur firmaron ayer un acuerdo para la realizaci\u00f3n de obras de infraestructura para la mejora del servicio en cuatro barrios del partido durante el segundo semestre de 2021. De la firma participaron la intendenta de Quilmes, Mayra Mendoza; el presidente de Edesur, Juan Carlos Blanco\u2026","rel":"","context":"En \u00abMunicipios\u00bb","block_context":{"text":"Municipios","link":"https:\/\/quanticamedios.com.ar\/?cat=2"},"img":{"alt_text":"","src":"https:\/\/i0.wp.com\/quanticamedios.com.ar\/wp-content\/uploads\/2021\/07\/Firma-de-acuerdo-Quilmes-y-Edesur-1.jpg?fit=1024%2C682&ssl=1&resize=350%2C200","width":350,"height":200,"srcset":"https:\/\/i0.wp.com\/quanticamedios.com.ar\/wp-content\/uploads\/2021\/07\/Firma-de-acuerdo-Quilmes-y-Edesur-1.jpg?fit=1024%2C682&ssl=1&resize=350%2C200 1x, https:\/\/i0.wp.com\/quanticamedios.com.ar\/wp-content\/uploads\/2021\/07\/Firma-de-acuerdo-Quilmes-y-Edesur-1.jpg?fit=1024%2C682&ssl=1&resize=525%2C300 1.5x, https:\/\/i0.wp.com\/quanticamedios.com.ar\/wp-content\/uploads\/2021\/07\/Firma-de-acuerdo-Quilmes-y-Edesur-1.jpg?fit=1024%2C682&ssl=1&resize=700%2C400 2x"},"classes":[]},{"id":2726,"url":"https:\/\/quanticamedios.com.ar\/?p=2726","url_meta":{"origin":587,"position":4},"title":"Mayra se reuni\u00f3 con vecinos: \u00abEstamos empezando a dejar atr\u00e1s la pesadilla de la pandemia\u00bb","author":"Gabriel Barrios","date":"3 octubre, 2021","format":false,"excerpt":"La intendenta de Quilmes, Mayra Mendoza, visit\u00f3 esta tarde la Sociedad de Fomento Santo Domingo de Ezpeleta Oeste, donde mantuvo una reuni\u00f3n con referentes de la instituci\u00f3n y m\u00e1s de 50 vecinos y vecinas del barrio. \u201cValoro enormemente estos espacios de encuentro e intercambio. Como sabemos, la pandemia nos oblig\u00f3\u2026","rel":"","context":"En \u00abMunicipios\u00bb","block_context":{"text":"Municipios","link":"https:\/\/quanticamedios.com.ar\/?cat=2"},"img":{"alt_text":"","src":"https:\/\/i0.wp.com\/quanticamedios.com.ar\/wp-content\/uploads\/2021\/10\/SD-3.jpg?fit=1024%2C682&ssl=1&resize=350%2C200","width":350,"height":200,"srcset":"https:\/\/i0.wp.com\/quanticamedios.com.ar\/wp-content\/uploads\/2021\/10\/SD-3.jpg?fit=1024%2C682&ssl=1&resize=350%2C200 1x, https:\/\/i0.wp.com\/quanticamedios.com.ar\/wp-content\/uploads\/2021\/10\/SD-3.jpg?fit=1024%2C682&ssl=1&resize=525%2C300 1.5x, https:\/\/i0.wp.com\/quanticamedios.com.ar\/wp-content\/uploads\/2021\/10\/SD-3.jpg?fit=1024%2C682&ssl=1&resize=700%2C400 2x"},"classes":[]},{"id":5277,"url":"https:\/\/quanticamedios.com.ar\/?p=5277","url_meta":{"origin":587,"position":5},"title":"Ezpeleta: comenz\u00f3 la construcci\u00f3n de 48 viviendas en el Barrio Fratassi","author":"Gabriel Barrios","date":"7 marzo, 2023","format":false,"excerpt":"Desde la Secretar\u00eda de Desarrollo Urbano y Obra P\u00fablica local detallaron que actualmente, se est\u00e1n realizando las tareas correspondientes para el hormigonado de bases. El Municipio de Quilmes informa que d\u00edas atr\u00e1s comenz\u00f3 la construcci\u00f3n de 48 viviendas nuevas en el barrio Fratassi, ubicado en la zona de las calles\u2026","rel":"","context":"En \u00abMunicipios\u00bb","block_context":{"text":"Municipios","link":"https:\/\/quanticamedios.com.ar\/?cat=2"},"img":{"alt_text":"","src":"https:\/\/i0.wp.com\/quanticamedios.com.ar\/wp-content\/uploads\/2023\/03\/CONSTRUCCION-DE-VIVIENDAS-EN-EL-BARRIO-FRATASSI-1.jpeg?fit=1079%2C719&ssl=1&resize=350%2C200","width":350,"height":200,"srcset":"https:\/\/i0.wp.com\/quanticamedios.com.ar\/wp-content\/uploads\/2023\/03\/CONSTRUCCION-DE-VIVIENDAS-EN-EL-BARRIO-FRATASSI-1.jpeg?fit=1079%2C719&ssl=1&resize=350%2C200 1x, https:\/\/i0.wp.com\/quanticamedios.com.ar\/wp-content\/uploads\/2023\/03\/CONSTRUCCION-DE-VIVIENDAS-EN-EL-BARRIO-FRATASSI-1.jpeg?fit=1079%2C719&ssl=1&resize=525%2C300 1.5x, https:\/\/i0.wp.com\/quanticamedios.com.ar\/wp-content\/uploads\/2023\/03\/CONSTRUCCION-DE-VIVIENDAS-EN-EL-BARRIO-FRATASSI-1.jpeg?fit=1079%2C719&ssl=1&resize=700%2C400 2x, https:\/\/i0.wp.com\/quanticamedios.com.ar\/wp-content\/uploads\/2023\/03\/CONSTRUCCION-DE-VIVIENDAS-EN-EL-BARRIO-FRATASSI-1.jpeg?fit=1079%2C719&ssl=1&resize=1050%2C600 3x"},"classes":[]}],"jetpack_shortlink":"https:\/\/wp.me\/ph7tt2-9t","jetpack_sharing_enabled":true,"jetpack_likes_enabled":true,"amp_enabled":true,"_links":{"self":[{"href":"https:\/\/quanticamedios.com.ar\/index.php?rest_route=\/wp\/v2\/posts\/587","targetHints":{"allow":["GET"]}}],"collection":[{"href":"https:\/\/quanticamedios.com.ar\/index.php?rest_route=\/wp\/v2\/posts"}],"about":[{"href":"https:\/\/quanticamedios.com.ar\/index.php?rest_route=\/wp\/v2\/types\/post"}],"author":[{"embeddable":true,"href":"https:\/\/quanticamedios.com.ar\/index.php?rest_route=\/wp\/v2\/users\/2"}],"replies":[{"embeddable":true,"href":"https:\/\/quanticamedios.com.ar\/index.php?rest_route=%2Fwp%2Fv2%2Fcomments&post=587"}],"version-history":[{"count":1,"href":"https:\/\/quanticamedios.com.ar\/index.php?rest_route=\/wp\/v2\/posts\/587\/revisions"}],"predecessor-version":[{"id":589,"href":"https:\/\/quanticamedios.com.ar\/index.php?rest_route=\/wp\/v2\/posts\/587\/revisions\/589"}],"wp:featuredmedia":[{"embeddable":true,"href":"https:\/\/quanticamedios.com.ar\/index.php?rest_route=\/wp\/v2\/media\/588"}],"wp:attachment":[{"href":"https:\/\/quanticamedios.com.ar\/index.php?rest_route=%2Fwp%2Fv2%2Fmedia&parent=587"}],"wp:term":[{"taxonomy":"category","embeddable":true,"href":"https:\/\/quanticamedios.com.ar\/index.php?rest_route=%2Fwp%2Fv2%2Fcategories&post=587"},{"taxonomy":"post_tag","embeddable":true,"href":"https:\/\/quanticamedios.com.ar\/index.php?rest_route=%2Fwp%2Fv2%2Ftags&post=587"}],"curies":[{"name":"wp","href":"https:\/\/api.w.org\/{rel}","templated":true}]}}