{"id":6070,"date":"2023-09-22T13:27:19","date_gmt":"2023-09-22T16:27:19","guid":{"rendered":"https:\/\/quanticamedios.com.ar\/?p=6070"},"modified":"2023-09-23T13:35:30","modified_gmt":"2023-09-23T16:35:30","slug":"en-naciones-unidas-vizzotti-co-presidio-un-panel-de-alto-nivel-sobre-prevencion-preparacion-y-respuesta-en-materia-sanitaria","status":"publish","type":"post","link":"https:\/\/quanticamedios.com.ar\/?p=6070","title":{"rendered":"En Naciones Unidas, Vizzotti  Co-Presidi\u00f3 un panel de alto nivel sobre prevenci\u00f3n, preparaci\u00f3n y respuesta en materia sanitaria"},"content":{"rendered":"\n<p class=\"has-text-align-justify\"><strong>Se trata del primer panel paralelo sobre Prevenci\u00f3n, Preparaci\u00f3n y Respuesta (PPR) realizado en el marco de la 78 Asamblea General de las Naciones Unidas. La ministra encabez\u00f3 el panel junto a su par de Estonia y abog\u00f3 por que todos los esfuerzos regionales y globales en relaci\u00f3n a la PPR se articulen alrededor de la idea de equidad.<\/strong><\/p>\n\n\n\n<p class=\"has-text-align-justify\">Durante el transcurso de la 78\u00b0 Asamblea General de las Naciones Unidas (78AGNU), que se desarrolla en Nueva York, la ministra de Salud de la Naci\u00f3n, Carla Vizzotti, dio apertura ayer junto a su par de Estonia, Riina Sikkut, al Panel de Alto Nivel sobre Prevenci\u00f3n, Preparaci\u00f3n y Respuesta (PPR) denominado \u201cGarantizar la equidad mediante la gobernanza y la rendici\u00f3n de cuentas de la PPR al utilizar la coordinaci\u00f3n multisectorial en todos los niveles\u201d. Se trata de la primera de las tres reuniones de alto nivel sobre salud que se desarrollar\u00e1n en este marco.<\/p>\n\n\n<div class=\"wp-block-image\">\n<figure class=\"alignright size-large is-resized\"><a href=\"https:\/\/i0.wp.com\/quanticamedios.com.ar\/wp-content\/uploads\/2023\/09\/WhatsApp-Image-2023-09-21-at-19.30.34-1.jpeg?ssl=1\"><img data-recalc-dims=\"1\" decoding=\"async\" width=\"1024\" height=\"768\" data-attachment-id=\"6072\" data-permalink=\"https:\/\/quanticamedios.com.ar\/?attachment_id=6072\" data-orig-file=\"https:\/\/i0.wp.com\/quanticamedios.com.ar\/wp-content\/uploads\/2023\/09\/WhatsApp-Image-2023-09-21-at-19.30.34-1.jpeg?fit=1600%2C1200&amp;ssl=1\" data-orig-size=\"1600,1200\" data-comments-opened=\"1\" data-image-meta=\"{&quot;aperture&quot;:&quot;0&quot;,&quot;credit&quot;:&quot;&quot;,&quot;camera&quot;:&quot;&quot;,&quot;caption&quot;:&quot;&quot;,&quot;created_timestamp&quot;:&quot;0&quot;,&quot;copyright&quot;:&quot;&quot;,&quot;focal_length&quot;:&quot;0&quot;,&quot;iso&quot;:&quot;0&quot;,&quot;shutter_speed&quot;:&quot;0&quot;,&quot;title&quot;:&quot;&quot;,&quot;orientation&quot;:&quot;0&quot;}\" data-image-title=\"WhatsApp-Image-2023-09-21-at-19.30.34-1\" data-image-description=\"\" data-image-caption=\"\" data-large-file=\"https:\/\/i0.wp.com\/quanticamedios.com.ar\/wp-content\/uploads\/2023\/09\/WhatsApp-Image-2023-09-21-at-19.30.34-1.jpeg?fit=1024%2C768&amp;ssl=1\" data-src=\"https:\/\/i0.wp.com\/quanticamedios.com.ar\/wp-content\/uploads\/2023\/09\/WhatsApp-Image-2023-09-21-at-19.30.34-1.jpeg?resize=1024%2C768&#038;ssl=1\" alt=\"\" class=\"wp-image-6072 lazyload\" style=\"--smush-placeholder-width: 1024px; --smush-placeholder-aspect-ratio: 1024\/768;width:443px;height:auto\" data-srcset=\"https:\/\/i0.wp.com\/quanticamedios.com.ar\/wp-content\/uploads\/2023\/09\/WhatsApp-Image-2023-09-21-at-19.30.34-1.jpeg?resize=1024%2C768&amp;ssl=1 1024w, https:\/\/i0.wp.com\/quanticamedios.com.ar\/wp-content\/uploads\/2023\/09\/WhatsApp-Image-2023-09-21-at-19.30.34-1.jpeg?resize=300%2C225&amp;ssl=1 300w, https:\/\/i0.wp.com\/quanticamedios.com.ar\/wp-content\/uploads\/2023\/09\/WhatsApp-Image-2023-09-21-at-19.30.34-1.jpeg?resize=768%2C576&amp;ssl=1 768w, https:\/\/i0.wp.com\/quanticamedios.com.ar\/wp-content\/uploads\/2023\/09\/WhatsApp-Image-2023-09-21-at-19.30.34-1.jpeg?resize=1536%2C1152&amp;ssl=1 1536w, https:\/\/i0.wp.com\/quanticamedios.com.ar\/wp-content\/uploads\/2023\/09\/WhatsApp-Image-2023-09-21-at-19.30.34-1.jpeg?w=1600&amp;ssl=1 1600w\" data-sizes=\"(max-width: 1024px) 100vw, 1024px\" src=\"data:image\/svg+xml;base64,PHN2ZyB3aWR0aD0iMSIgaGVpZ2h0PSIxIiB4bWxucz0iaHR0cDovL3d3dy53My5vcmcvMjAwMC9zdmciPjwvc3ZnPg==\" \/><\/a><\/figure>\n<\/div>\n\n\n<p class=\"has-text-align-justify\">En sus palabras de apertura, la ministra Vizzotti expres\u00f3 la alegr\u00eda y la importancia de que durante esta reuni\u00f3n de la Asamblea de Naciones Unidas se hayan organizado 3 reuniones de alto nivel sobre salud con el fin de que la salud siga estando en el centro de la agenda pol\u00edtica, no s\u00f3lo dentro de los organismos internacionales sino tambi\u00e9n en cada pa\u00eds y con la participaci\u00f3n activa de la sociedad civil, los medios de comunicaci\u00f3n en contra de la desinformaci\u00f3n y el compromiso del sector privado.<\/p>\n\n\n\n<p class=\"has-text-align-justify\">\u201cSi existe una lecci\u00f3n aprendida de la pandemia de COVID-19 ha sido la necesidad urgente de coordinar los esfuerzos nacionales, regionales y globales para fortalecer la manera como los pa\u00edses y el mundo se preparan para las emergencias sanitarias, las previenen, las detectan y les dan respuesta\u201d, indic\u00f3 la ministra y agreg\u00f3 que \u201cla emergencia y reemergencia de enfermedades transmisibles contin\u00faa aceler\u00e1ndose; los conflictos geopol\u00edticos provocan hambre y escasez de bienes y agravan estos fen\u00f3menos; la degradaci\u00f3n ecol\u00f3gica y el cambio clim\u00e1tico siguen intensific\u00e1ndose y las desigualdades sociales y econ\u00f3micas contin\u00faan agrav\u00e1ndose\u201d.<\/p>\n\n\n\n<p class=\"has-text-align-justify\">En ese sentido, la ministra sostuvo que \u201clos Estados hemos comprendido que es imposible lograr la meta de salud para todos y proteger a las comunidades si no logramos fortalecer los sistemas de salud y las capacidades nacionales para prepararse, prevenir y responder a las emergencias sanitarias. Es imprescindible que todos estos esfuerzos se articulen alrededor de la idea de equidad. No es posible construir la idea de la equidad sin hablar de empat\u00eda y solidaridad y sin que eso se transforme en acceso oportuno de cada persona de cada pa\u00eds\u201d.<\/p>\n\n\n\n<p class=\"has-text-align-justify\">Finalmente, Vizzotti particip\u00f3 junto a la jefa de Gabinete de la Canciller\u00eda, Luciana Titto, de la cena de alto nivel sobre violencia contra los ni\u00f1os organizada por la Organizaci\u00f3n Mundial de la Salud (OMS) con el objetivo de comprometer a todos los gobiernos a poner fin a la violencia contra los ni\u00f1os y las ni\u00f1as. El anuncio por parte del Gobierno de Colombia de que acoger\u00e1 la primera Cumbre Mundial para Acabar con la Violencia contra los Ni\u00f1os en noviembre de 2024 brinda una nueva oportunidad para que todas las partes interesadas act\u00faen de manera concertada.<\/p>\n","protected":false},"excerpt":{"rendered":"<p>Se trata del primer panel paralelo sobre Prevenci\u00f3n, Preparaci\u00f3n y Respuesta (PPR) realizado en el marco de la 78 Asamblea General de las Naciones Unidas. La ministra encabez\u00f3 el panel&hellip; <\/p>\n","protected":false},"author":2,"featured_media":6073,"comment_status":"open","ping_status":"open","sticky":false,"template":"","format":"standard","meta":{"advanced_seo_description":"","jetpack_seo_html_title":"","jetpack_seo_noindex":false,"jetpack_post_was_ever_published":false,"_jetpack_newsletter_access":"","_jetpack_dont_email_post_to_subs":false,"_jetpack_newsletter_tier_id":0,"_jetpack_memberships_contains_paywalled_content":false,"_jetpack_memberships_contains_paid_content":false,"footnotes":"","jetpack_publicize_message":"","jetpack_publicize_feature_enabled":true,"jetpack_social_post_already_shared":true,"jetpack_social_options":{"image_generator_settings":{"template":"highway","default_image_id":0,"font":"","enabled":false},"version":2}},"categories":[117],"tags":[212,18,42,26],"class_list":["post-6070","post","type-post","status-publish","format-standard","has-post-thumbnail","hentry","category-salud","tag-carla-vizzotti","tag-politica","tag-salud","tag-sociedad"],"jetpack_publicize_connections":[],"jetpack_featured_media_url":"https:\/\/i0.wp.com\/quanticamedios.com.ar\/wp-content\/uploads\/2023\/09\/WhatsApp-Image-2023-09-21-at-19.30.34.jpeg?fit=1600%2C1200&ssl=1","jetpack-related-posts":[{"id":2429,"url":"https:\/\/quanticamedios.com.ar\/?p=2429","url_meta":{"origin":6070,"position":0},"title":"Vizzotti: en Roma junto a Ministros de Salud del G 20","author":"Gabriel Barrios","date":"2 septiembre, 2021","format":false,"excerpt":"La ministra de Salud de la Naci\u00f3n, Carla Vizzotti, viaj\u00f3 a Roma, Italia, para participar de la Reuni\u00f3n de Ministros de Salud del G20 que tendr\u00e1 como eje del debate garantizar una respuesta internacional r\u00e1pida a la pandemia de COVID-19 capaz de brindar acceso equitativo y mundial a los diagn\u00f3sticos,\u2026","rel":"","context":"En \u00abPol\u00edtica\u00bb","block_context":{"text":"Pol\u00edtica","link":"https:\/\/quanticamedios.com.ar\/?cat=15"},"img":{"alt_text":"","src":"https:\/\/i0.wp.com\/quanticamedios.com.ar\/wp-content\/uploads\/2021\/09\/VIZZOTTI-G20-2-9-2021.jpeg?fit=1200%2C800&ssl=1&resize=350%2C200","width":350,"height":200,"srcset":"https:\/\/i0.wp.com\/quanticamedios.com.ar\/wp-content\/uploads\/2021\/09\/VIZZOTTI-G20-2-9-2021.jpeg?fit=1200%2C800&ssl=1&resize=350%2C200 1x, https:\/\/i0.wp.com\/quanticamedios.com.ar\/wp-content\/uploads\/2021\/09\/VIZZOTTI-G20-2-9-2021.jpeg?fit=1200%2C800&ssl=1&resize=525%2C300 1.5x, https:\/\/i0.wp.com\/quanticamedios.com.ar\/wp-content\/uploads\/2021\/09\/VIZZOTTI-G20-2-9-2021.jpeg?fit=1200%2C800&ssl=1&resize=700%2C400 2x, https:\/\/i0.wp.com\/quanticamedios.com.ar\/wp-content\/uploads\/2021\/09\/VIZZOTTI-G20-2-9-2021.jpeg?fit=1200%2C800&ssl=1&resize=1050%2C600 3x"},"classes":[]},{"id":1365,"url":"https:\/\/quanticamedios.com.ar\/?p=1365","url_meta":{"origin":6070,"position":1},"title":"Carla Vizzotti lleg\u00f3 a Neuqu\u00e9n con insumos para reforzar el sistema de salud","author":"Gabriel Barrios","date":"16 mayo, 2021","format":false,"excerpt":"En 2020, el Ministerio de Salud de la Naci\u00f3n invirti\u00f3 m\u00e1s de 1.125 millones de pesos en equipamiento sanitario para la provincia. Mientras que en lo que va del 2021 lleva invertidos 319.050.525 millones de pesos.","rel":"","context":"En \u00abPol\u00edtica\u00bb","block_context":{"text":"Pol\u00edtica","link":"https:\/\/quanticamedios.com.ar\/?cat=15"},"img":{"alt_text":"","src":"https:\/\/i0.wp.com\/quanticamedios.com.ar\/wp-content\/uploads\/2021\/05\/16-5-Neuquen-2.jpeg?fit=1200%2C675&ssl=1&resize=350%2C200","width":350,"height":200,"srcset":"https:\/\/i0.wp.com\/quanticamedios.com.ar\/wp-content\/uploads\/2021\/05\/16-5-Neuquen-2.jpeg?fit=1200%2C675&ssl=1&resize=350%2C200 1x, https:\/\/i0.wp.com\/quanticamedios.com.ar\/wp-content\/uploads\/2021\/05\/16-5-Neuquen-2.jpeg?fit=1200%2C675&ssl=1&resize=525%2C300 1.5x, https:\/\/i0.wp.com\/quanticamedios.com.ar\/wp-content\/uploads\/2021\/05\/16-5-Neuquen-2.jpeg?fit=1200%2C675&ssl=1&resize=700%2C400 2x, https:\/\/i0.wp.com\/quanticamedios.com.ar\/wp-content\/uploads\/2021\/05\/16-5-Neuquen-2.jpeg?fit=1200%2C675&ssl=1&resize=1050%2C600 3x"},"classes":[]},{"id":5562,"url":"https:\/\/quanticamedios.com.ar\/?p=5562","url_meta":{"origin":6070,"position":2},"title":"En Tierra del Fuego, Vizzotti, Katopodis y el gobernador  Melella inauguraron el Centro Modular de salud Tolhuin","author":"Gabriel Barrios","date":"6 mayo, 2023","format":false,"excerpt":"En el marco de la Red Federal de Infraestructura Sanitaria, el centro fue construido por los ministerios de Salud y Obras P\u00fablicas con el objetivo de brindar equidad y ampliar el acceso a la salud de la poblaci\u00f3n desde una estrategia federal. La ministra de Salud de la Naci\u00f3n, Carla\u2026","rel":"","context":"En \u00abPol\u00edtica\u00bb","block_context":{"text":"Pol\u00edtica","link":"https:\/\/quanticamedios.com.ar\/?cat=15"},"img":{"alt_text":"","src":"https:\/\/i0.wp.com\/quanticamedios.com.ar\/wp-content\/uploads\/2023\/05\/05-05-23-Vizzotti-visito-el-Centro-Modular-de-Tolhuin.jpg?fit=1200%2C800&ssl=1&resize=350%2C200","width":350,"height":200,"srcset":"https:\/\/i0.wp.com\/quanticamedios.com.ar\/wp-content\/uploads\/2023\/05\/05-05-23-Vizzotti-visito-el-Centro-Modular-de-Tolhuin.jpg?fit=1200%2C800&ssl=1&resize=350%2C200 1x, https:\/\/i0.wp.com\/quanticamedios.com.ar\/wp-content\/uploads\/2023\/05\/05-05-23-Vizzotti-visito-el-Centro-Modular-de-Tolhuin.jpg?fit=1200%2C800&ssl=1&resize=525%2C300 1.5x, https:\/\/i0.wp.com\/quanticamedios.com.ar\/wp-content\/uploads\/2023\/05\/05-05-23-Vizzotti-visito-el-Centro-Modular-de-Tolhuin.jpg?fit=1200%2C800&ssl=1&resize=700%2C400 2x, https:\/\/i0.wp.com\/quanticamedios.com.ar\/wp-content\/uploads\/2023\/05\/05-05-23-Vizzotti-visito-el-Centro-Modular-de-Tolhuin.jpg?fit=1200%2C800&ssl=1&resize=1050%2C600 3x"},"classes":[]},{"id":5932,"url":"https:\/\/quanticamedios.com.ar\/?p=5932","url_meta":{"origin":6070,"position":3},"title":"Vizzotti dio apertura a la capacitaci\u00f3n para el uso de la herramienta de evaluaci\u00f3n estrat\u00e9gica del riesgo star de la OPS","author":"Gabriel Barrios","date":"8 agosto, 2023","format":false,"excerpt":"Estas jornadas de formaci\u00f3n brindan herramientas y metodolog\u00eda para que los gobiernos nacionales y las jurisdicciones puedan hacer evaluaciones estrat\u00e9gicas y fortalecer la gesti\u00f3n integral de los riesgos para la salud p\u00fablica. La ministra de Salud de la Naci\u00f3n, Carla Vizzotti, y la representante de la Organizaci\u00f3n Panamericana de la\u2026","rel":"","context":"En \u00abSalud\u00bb","block_context":{"text":"Salud","link":"https:\/\/quanticamedios.com.ar\/?cat=117"},"img":{"alt_text":"","src":"https:\/\/i0.wp.com\/quanticamedios.com.ar\/wp-content\/uploads\/2023\/08\/08-08-23-Taller-Star-OPS-03-scaled.jpg?fit=1200%2C800&ssl=1&resize=350%2C200","width":350,"height":200,"srcset":"https:\/\/i0.wp.com\/quanticamedios.com.ar\/wp-content\/uploads\/2023\/08\/08-08-23-Taller-Star-OPS-03-scaled.jpg?fit=1200%2C800&ssl=1&resize=350%2C200 1x, https:\/\/i0.wp.com\/quanticamedios.com.ar\/wp-content\/uploads\/2023\/08\/08-08-23-Taller-Star-OPS-03-scaled.jpg?fit=1200%2C800&ssl=1&resize=525%2C300 1.5x, https:\/\/i0.wp.com\/quanticamedios.com.ar\/wp-content\/uploads\/2023\/08\/08-08-23-Taller-Star-OPS-03-scaled.jpg?fit=1200%2C800&ssl=1&resize=700%2C400 2x, https:\/\/i0.wp.com\/quanticamedios.com.ar\/wp-content\/uploads\/2023\/08\/08-08-23-Taller-Star-OPS-03-scaled.jpg?fit=1200%2C800&ssl=1&resize=1050%2C600 3x"},"classes":[]},{"id":3310,"url":"https:\/\/quanticamedios.com.ar\/?p=3310","url_meta":{"origin":6070,"position":4},"title":"Vizzotti visit\u00f3 Hospitales y vacunatorios en Mar del Plata","author":"Gabriel Barrios","date":"14 enero, 2022","format":false,"excerpt":"Desde ayer la ministra recorre centros de testeos y de vacunaci\u00f3n contra COVID-19 para analizar el desarrollo de la temporada de verano en el marco de la pandemia. Como parte del trabajo articulado que llevan adelante las distintas \u00e1reas del Gobierno nacional durante la pandemia, la ministra de Salud de\u2026","rel":"","context":"En \u00abSalud\u00bb","block_context":{"text":"Salud","link":"https:\/\/quanticamedios.com.ar\/?cat=117"},"img":{"alt_text":"","src":"https:\/\/i0.wp.com\/quanticamedios.com.ar\/wp-content\/uploads\/2022\/01\/14-1-22-Salud-MDQ-1.jpeg?fit=1200%2C800&ssl=1&resize=350%2C200","width":350,"height":200,"srcset":"https:\/\/i0.wp.com\/quanticamedios.com.ar\/wp-content\/uploads\/2022\/01\/14-1-22-Salud-MDQ-1.jpeg?fit=1200%2C800&ssl=1&resize=350%2C200 1x, https:\/\/i0.wp.com\/quanticamedios.com.ar\/wp-content\/uploads\/2022\/01\/14-1-22-Salud-MDQ-1.jpeg?fit=1200%2C800&ssl=1&resize=525%2C300 1.5x, https:\/\/i0.wp.com\/quanticamedios.com.ar\/wp-content\/uploads\/2022\/01\/14-1-22-Salud-MDQ-1.jpeg?fit=1200%2C800&ssl=1&resize=700%2C400 2x, https:\/\/i0.wp.com\/quanticamedios.com.ar\/wp-content\/uploads\/2022\/01\/14-1-22-Salud-MDQ-1.jpeg?fit=1200%2C800&ssl=1&resize=1050%2C600 3x"},"classes":[]},{"id":687,"url":"https:\/\/quanticamedios.com.ar\/?p=687","url_meta":{"origin":6070,"position":5},"title":"Covid &#8211; 19: Carla Vizzotti anunci\u00f3 la autorizaci\u00f3n de la Vacuna Sinopharm en mayores de 60 a\u00f1os","author":"Gabriel Barrios","date":"25 marzo, 2021","format":false,"excerpt":"De esta forma, la vacuna provista por el Beijing Institute of Biological Products Co Ltd., podr\u00e1 utilizarse en nuestro pa\u00eds para avanzar en la inmunizaci\u00f3n de este grupo de riesgo.","rel":"","context":"En \u00abSalud\u00bb","block_context":{"text":"Salud","link":"https:\/\/quanticamedios.com.ar\/?cat=117"},"img":{"alt_text":"","src":"https:\/\/i0.wp.com\/quanticamedios.com.ar\/wp-content\/uploads\/2021\/03\/Sinopharm.jpg?fit=1004%2C565&ssl=1&resize=350%2C200","width":350,"height":200,"srcset":"https:\/\/i0.wp.com\/quanticamedios.com.ar\/wp-content\/uploads\/2021\/03\/Sinopharm.jpg?fit=1004%2C565&ssl=1&resize=350%2C200 1x, https:\/\/i0.wp.com\/quanticamedios.com.ar\/wp-content\/uploads\/2021\/03\/Sinopharm.jpg?fit=1004%2C565&ssl=1&resize=525%2C300 1.5x, https:\/\/i0.wp.com\/quanticamedios.com.ar\/wp-content\/uploads\/2021\/03\/Sinopharm.jpg?fit=1004%2C565&ssl=1&resize=700%2C400 2x"},"classes":[]}],"jetpack_shortlink":"https:\/\/wp.me\/ph7tt2-1zU","jetpack_sharing_enabled":true,"jetpack_likes_enabled":true,"amp_enabled":true,"_links":{"self":[{"href":"https:\/\/quanticamedios.com.ar\/index.php?rest_route=\/wp\/v2\/posts\/6070","targetHints":{"allow":["GET"]}}],"collection":[{"href":"https:\/\/quanticamedios.com.ar\/index.php?rest_route=\/wp\/v2\/posts"}],"about":[{"href":"https:\/\/quanticamedios.com.ar\/index.php?rest_route=\/wp\/v2\/types\/post"}],"author":[{"embeddable":true,"href":"https:\/\/quanticamedios.com.ar\/index.php?rest_route=\/wp\/v2\/users\/2"}],"replies":[{"embeddable":true,"href":"https:\/\/quanticamedios.com.ar\/index.php?rest_route=%2Fwp%2Fv2%2Fcomments&post=6070"}],"version-history":[{"count":1,"href":"https:\/\/quanticamedios.com.ar\/index.php?rest_route=\/wp\/v2\/posts\/6070\/revisions"}],"predecessor-version":[{"id":6074,"href":"https:\/\/quanticamedios.com.ar\/index.php?rest_route=\/wp\/v2\/posts\/6070\/revisions\/6074"}],"wp:featuredmedia":[{"embeddable":true,"href":"https:\/\/quanticamedios.com.ar\/index.php?rest_route=\/wp\/v2\/media\/6073"}],"wp:attachment":[{"href":"https:\/\/quanticamedios.com.ar\/index.php?rest_route=%2Fwp%2Fv2%2Fmedia&parent=6070"}],"wp:term":[{"taxonomy":"category","embeddable":true,"href":"https:\/\/quanticamedios.com.ar\/index.php?rest_route=%2Fwp%2Fv2%2Fcategories&post=6070"},{"taxonomy":"post_tag","embeddable":true,"href":"https:\/\/quanticamedios.com.ar\/index.php?rest_route=%2Fwp%2Fv2%2Ftags&post=6070"}],"curies":[{"name":"wp","href":"https:\/\/api.w.org\/{rel}","templated":true}]}}