{"id":6668,"date":"2024-06-06T22:01:32","date_gmt":"2024-06-07T01:01:32","guid":{"rendered":"https:\/\/quanticamedios.com.ar\/?p=6668"},"modified":"2024-06-06T22:01:34","modified_gmt":"2024-06-07T01:01:34","slug":"peligra-la-continuidad-del-coro-nacional-de-ninos-tras-mas-de-cinco-decadas-de-existencia","status":"publish","type":"post","link":"https:\/\/quanticamedios.com.ar\/?p=6668","title":{"rendered":"Peligra la continuidad del Coro Nacional de Ni\u00f1os tras m\u00e1s de cinco d\u00e9cadas de existencia"},"content":{"rendered":"\n<p class=\"has-text-align-justify\"><strong><em>Con una\u00a0campa\u00f1a p\u00fablica\u00a0para la cobertura de las plazas pendientes a ser completadas de un total de 40 vacantes e informaci\u00f3n sobre el funcionamiento, la comisi\u00f3n de padres de los chicos que asisten al del\u00a0Coro Nacional de Ni\u00f1os, dependiente de la Secretar\u00eda de Cultura, solicitan certezas sobre la continuidad de un espacio musical creado hace 57 a\u00f1os.<\/em><\/strong><\/p>\n\n\n\n<p class=\"has-text-align-justify\">Bajo el t\u00edtulo&nbsp;<strong>\u201cCubran las vacantes en el Coro Nacional de Ni\u00f1os de Argentina\u201d<\/strong>&nbsp;la&nbsp;<a href=\"https:\/\/www.change.org\/p\/cubran-las-vacantes-en-el-coro-nacional-de-ni%C3%B1os-de-argentina?recruiter=886587940&amp;recruited_by_id=d73ade30-7cbe-11e8-ba57-757a7401e156&amp;utm_source=share_petition&amp;utm_campaign=share_for_starters_page&amp;utm_medium=copylink\">solicitada publicada el 4 de junio en la plataforma Change.org&nbsp;<\/a>busca tener certezas sobre la cobertura de las plazas de&nbsp;<strong>ni\u00f1os y j\u00f3venes de entre 10 y 17 a\u00f1os<\/strong>&nbsp;que integran el Coro Nacional de Ni\u00f1os (CNN), que tiene en la actualidad 13 lugares disponibles para los cuales otros tantos ni\u00f1os hicieron el curso preparatorio hace ya dos a\u00f1os.<\/p>\n\n\n\n<p class=\"has-text-align-justify\">El Coro depende de la&nbsp;<strong>Direcci\u00f3n Nacional de Elencos Estables<\/strong>&nbsp;dirigido desde 2017 por&nbsp;<strong>Mariela Florencia Bolatti<\/strong>, a quien la comisi\u00f3n solicita explicaciones de por qu\u00e9 no se cubren las plazas. Sin embargo, las familias apuntan que esta irregularidad no sucede con los otros ocho elencos estables que dependen de la funcionaria como son la&nbsp;<strong>Orquesta Nacional de M\u00fasica Argentina Juan de Dios Filiberto<\/strong>, la Orquesta Sinf\u00f3nica Nacional, entre otros.&nbsp;<\/p>\n\n\n\n<p class=\"has-text-align-justify\">En sus consideraciones, la misiva indica: \u201cMientras se aplican en nuestro pa\u00eds medidas de corte de presupuesto y desfinanciamiento a distintas \u00e1reas de la cultura, hasta el momento&nbsp;<strong>no tenemos certeza alguna sobre la continuidad de la actividad del Coro Nacional de Ni\u00f1os\u201d<\/strong>.<\/p>\n\n\n\n<p class=\"has-text-align-justify\">\u201cConcretamente, y a pesar de haber solicitado la informaci\u00f3n en reiteradas oportunidades<strong>, nada se sabe sobre el financiamiento de las presentaciones previstas para este a\u00f1o<\/strong>, o&nbsp; la incorporaci\u00f3n de nuevos integrantes, ejes fundamentales para garantizar la continuidad de la formaci\u00f3n coral y la preparaci\u00f3n de los repertorios\u201d.<\/p>\n\n\n\n<p class=\"has-text-align-justify\">La preocupaci\u00f3n de los padres y madres es&nbsp;<strong>\u201cla ausencia de informaci\u00f3n certera emitida por las autoridades\u201d<\/strong>, lo cual radica tambi\u00e9n ante la posible afectaci\u00f3n de los \u201cderechos adquiridos por los ni\u00f1os y ni\u00f1as a trav\u00e9s de la Ley 26.061&nbsp;<strong>Protecci\u00f3n Integral de los Derechos de las Ni\u00f1as, Ni\u00f1os y Adolescentes<\/strong>,&nbsp; Ley N\u00b0 24.650 (1996), el Convenio N\u00b0 138 de la OIT , art. 115 de la Ley 20.744 que garantizan y regulan la actividad art\u00edstica de los coreutas\u201d, se\u00f1alan.<\/p>\n\n\n\n<p class=\"has-text-align-justify\">Luego piden la continuidad de la calidad del Coro y la promoci\u00f3n del canto coral en los ni\u00f1os, la difusi\u00f3n del repertorio universal con \u00e9nfasis en autores argentinos ya que los integrantes de la agrupaci\u00f3n son \u201cembajadores culturales del pa\u00eds\u201d.&nbsp;&nbsp;<\/p>\n\n\n\n<figure class=\"wp-block-image\"><img data-recalc-dims=\"1\" height=\"576\" width=\"1024\" decoding=\"async\" data-src=\"https:\/\/i0.wp.com\/somostelam.com.ar\/wp-content\/uploads\/2024\/06\/169-Coro-Nacional-de-Ninos-foto-prensa-1-1024x576.jpg?resize=1024%2C576&#038;ssl=1\" alt=\"\" class=\"wp-image-19498 lazyload\" src=\"data:image\/svg+xml;base64,PHN2ZyB3aWR0aD0iMSIgaGVpZ2h0PSIxIiB4bWxucz0iaHR0cDovL3d3dy53My5vcmcvMjAwMC9zdmciPjwvc3ZnPg==\" style=\"--smush-placeholder-width: 1024px; --smush-placeholder-aspect-ratio: 1024\/576;\" \/><\/figure>\n\n\n\n<h2 class=\"wp-block-heading\">El pedido<\/h2>\n\n\n\n<p class=\"has-text-align-justify\">En concreto, solicitan informaci\u00f3n sobre la\u00a0<strong>falta de asignaci\u00f3n de las 13 vacantes correspondientes a la Planta transitoria\u00a0<\/strong>para completar las 40 asignaciones hist\u00f3ricas, las cuales <strong><em>\u201cforman parte del Presupuesto nacional\u201d<\/em><\/strong>, y que fueron asignadas al Coro por el Decreto 8557\/67 de creaci\u00f3n del organismo. Entonces, teniendo en cuenta que ante una baja por motivos como el cambio en la voz o cambio de instrumento musical, por ejemplo, una nueva alta no genera nuevas erogaciones.\u00a0<\/p>\n\n\n\n<p class=\"has-text-align-justify\">El pedido tambi\u00e9n apunta a saber\u00a0<strong>qu\u00e9 sucede con \u201cla renovaci\u00f3n de los contratos en Planta Transitoria para el a\u00f1o 2025<\/strong>\u201d una <strong><em>\u201cestructura que permite al organismo\u00a0 funcionar desde\u00a0 hace 57 a\u00f1os\u201d<\/em><\/strong>.<\/p>\n\n\n\n<p class=\"has-text-align-justify\">Las familias explican que esa planta, es una figura que cumplimenta la legislaci\u00f3n al tratarse de menores de edad que ensayan tres horas en tres d\u00edas semanales y realizan presentaciones, por lo cual tienen cobertura m\u00e9dica y aporte jubilatorio.&nbsp;<\/p>\n\n\n\n<p class=\"has-text-align-justify\">En el comunicado, la comisi\u00f3n recuerda que el CNN es uno de los ternados como<strong>\u00a0Mejor Coro de la Temporada 2023 por la Asociaci\u00f3n de Cr\u00edticos Musicales de Argentina<\/strong>, dado lo cual apuntan: <strong><em>\u201ccompartimos este nuevo logro e instamos a brindar el apoyo necesario para continuar desarrollando un organismo que funciona y crece cada a\u00f1o\u201d,<\/em><\/strong> expresan desde el pedido colectivo.<\/p>\n\n\n\n<h2 class=\"wp-block-heading\">Su trayectoria<\/h2>\n\n\n\n<p class=\"has-text-align-justify\">El&nbsp;<strong>CNN fue creado en 1967<\/strong>&nbsp;y dirigido hasta 2009 por Vilma Gorini de Teseo. Desde el 2010 su direcci\u00f3n esta a cargo de Mar\u00eda Isabel Sanz, y su vasto repertorio musical abarca desde m\u00fasica de c\u00e1mara del Renacimiento a la actualidad incluyendo el g\u00e9nero oper\u00edstico.<\/p>\n\n\n\n<p class=\"has-text-align-justify\"><strong>\u201cEl organismo posee un esp\u00edritu musical de gran amplitud, manteniendo siempre la premisa de la mejor calidad art\u00edstica posible\u201d<\/strong>, apuntan desde la p\u00e1gina oficial del organismo.<\/p>\n\n\n\n<p class=\"has-text-align-justify\"><strong><em>\u201cEsto se refleja en la prol\u00edfica trayectoria del coro y en la interpretaci\u00f3n de obras fundamentalmente \u00b4a cappella\u00b4, pero tambi\u00e9n m\u00fasica sinf\u00f3nico-coral o escrita para otras diversas formaciones musicales\u201d<\/em><\/strong>, destacan.<\/p>\n\n\n\n<p class=\"has-text-align-justify\">Con seis registros en su historia, particip\u00f3 en las bandas sonoras de las pel\u00edculas <strong><em>\u201cYo, la peor de todas\u201d <\/em><\/strong>(1989) de Mar\u00eda Luisa Bemberg y \u201cTetro\u201d (2008) de Francis Ford Coppola, y con conciertos en Argentina y el exterior, adem\u00e1s de premios y distinciones.<\/p>\n","protected":false},"excerpt":{"rendered":"<p>Con una\u00a0campa\u00f1a p\u00fablica\u00a0para la cobertura de las plazas pendientes a ser completadas de un total de 40 vacantes e informaci\u00f3n sobre el funcionamiento, la comisi\u00f3n de padres de los chicos&hellip; <\/p>\n","protected":false},"author":2,"featured_media":6670,"comment_status":"open","ping_status":"open","sticky":false,"template":"","format":"standard","meta":{"advanced_seo_description":"","jetpack_seo_html_title":"","jetpack_seo_noindex":false,"jetpack_post_was_ever_published":false,"_jetpack_newsletter_access":"","_jetpack_dont_email_post_to_subs":false,"_jetpack_newsletter_tier_id":0,"_jetpack_memberships_contains_paywalled_content":false,"_jetpack_memberships_contains_paid_content":false,"footnotes":"","jetpack_publicize_message":"","jetpack_publicize_feature_enabled":true,"jetpack_social_post_already_shared":true,"jetpack_social_options":{"image_generator_settings":{"template":"highway","default_image_id":0,"font":"","enabled":false},"version":2}},"categories":[1422],"tags":[4585,48,18,26,4304],"class_list":["post-6668","post","type-post","status-publish","format-standard","has-post-thumbnail","hentry","category-cultura","tag-coro-nacional-de-ninos","tag-cultura","tag-politica","tag-sociedad","tag-somos-telam"],"jetpack_publicize_connections":[],"jetpack_featured_media_url":"https:\/\/i0.wp.com\/quanticamedios.com.ar\/wp-content\/uploads\/2024\/06\/169-Coro-Nacional-de-Ninos-foto-prensa-1200x675-1.webp?fit=1200%2C675&ssl=1","jetpack-related-posts":[{"id":6017,"url":"https:\/\/quanticamedios.com.ar\/?p=6017","url_meta":{"origin":6668,"position":0},"title":"Coro Polif\u00f3nico Nacional en Florencio Varela","author":"Gabriel Barrios","date":"31 agosto, 2023","format":false,"excerpt":"Desde la Direcci\u00f3n Nacional de Elencos Estables del Ministerio de Cultura de la Naci\u00f3n se anuncian los conciertos que brindar\u00e1 el Coro Polif\u00f3nico Nacional en la localidad de Florencio Varela y Ciudad Aut\u00f3noma de Buenos Aires con motivo de celebrar los 55 a\u00f1os del primer concierto del Coro Polif\u00f3nico Nacional\u2026","rel":"","context":"En \u00abCultura\u00bb","block_context":{"text":"Cultura","link":"https:\/\/quanticamedios.com.ar\/?cat=1422"},"img":{"alt_text":"","src":"https:\/\/i0.wp.com\/quanticamedios.com.ar\/wp-content\/uploads\/2023\/08\/WhatsApp-Image-2023-08-29-at-17.22.55.jpeg?fit=1200%2C1199&ssl=1&resize=350%2C200","width":350,"height":200,"srcset":"https:\/\/i0.wp.com\/quanticamedios.com.ar\/wp-content\/uploads\/2023\/08\/WhatsApp-Image-2023-08-29-at-17.22.55.jpeg?fit=1200%2C1199&ssl=1&resize=350%2C200 1x, https:\/\/i0.wp.com\/quanticamedios.com.ar\/wp-content\/uploads\/2023\/08\/WhatsApp-Image-2023-08-29-at-17.22.55.jpeg?fit=1200%2C1199&ssl=1&resize=525%2C300 1.5x, https:\/\/i0.wp.com\/quanticamedios.com.ar\/wp-content\/uploads\/2023\/08\/WhatsApp-Image-2023-08-29-at-17.22.55.jpeg?fit=1200%2C1199&ssl=1&resize=700%2C400 2x, https:\/\/i0.wp.com\/quanticamedios.com.ar\/wp-content\/uploads\/2023\/08\/WhatsApp-Image-2023-08-29-at-17.22.55.jpeg?fit=1200%2C1199&ssl=1&resize=1050%2C600 3x"},"classes":[]},{"id":2383,"url":"https:\/\/quanticamedios.com.ar\/?p=2383","url_meta":{"origin":6668,"position":1},"title":"D\u00eda de las Infancias en Quilmes","author":"Gabriel Barrios","date":"29 agosto, 2021","format":false,"excerpt":"La intendenta de Quilmes, Mayra Mendoza, particip\u00f3 esta tarde junto al ministro de Cultura de la Naci\u00f3n, Trist\u00e1n Bauer, de una propuesta recreativa en el marco del D\u00eda de las Infancias que se concret\u00f3 en el Centro Cultural Mercedes Sosa, ubicado en la avenida Plata y Lamadrid, en el barrio\u2026","rel":"","context":"En \u00abMunicipios\u00bb","block_context":{"text":"Municipios","link":"https:\/\/quanticamedios.com.ar\/?cat=2"},"img":{"alt_text":"","src":"https:\/\/i0.wp.com\/quanticamedios.com.ar\/wp-content\/uploads\/2021\/08\/MAYRA-Y-BAUER-DIA-DE-LAS-INFANCIAS-EN-QUILMES-OESTE-1.jpg?fit=1024%2C683&ssl=1&resize=350%2C200","width":350,"height":200,"srcset":"https:\/\/i0.wp.com\/quanticamedios.com.ar\/wp-content\/uploads\/2021\/08\/MAYRA-Y-BAUER-DIA-DE-LAS-INFANCIAS-EN-QUILMES-OESTE-1.jpg?fit=1024%2C683&ssl=1&resize=350%2C200 1x, https:\/\/i0.wp.com\/quanticamedios.com.ar\/wp-content\/uploads\/2021\/08\/MAYRA-Y-BAUER-DIA-DE-LAS-INFANCIAS-EN-QUILMES-OESTE-1.jpg?fit=1024%2C683&ssl=1&resize=525%2C300 1.5x, https:\/\/i0.wp.com\/quanticamedios.com.ar\/wp-content\/uploads\/2021\/08\/MAYRA-Y-BAUER-DIA-DE-LAS-INFANCIAS-EN-QUILMES-OESTE-1.jpg?fit=1024%2C683&ssl=1&resize=700%2C400 2x"},"classes":[]},{"id":3349,"url":"https:\/\/quanticamedios.com.ar\/?p=3349","url_meta":{"origin":6668,"position":2},"title":"Relanzan campa\u00f1a de vacunaci\u00f3n para incentivar a chicos y chicas al comienzo de clases","author":"Gabriel Barrios","date":"1 febrero, 2022","format":false,"excerpt":"Con un juego de preguntas y respuestas sobre mitos y realidades de la inmunizaci\u00f3n, la iniciativa conjunta tiene el prop\u00f3sito de promover el conocimiento y fortalecer el acceso a las vacunas. El Ministerio de Salud de la Naci\u00f3n, UNICEF, la Organizaci\u00f3n Panamericana de la Salud\/Organizaci\u00f3n Mundial de la Salud (OPS\/OMS)\u2026","rel":"","context":"En \u00abSalud\u00bb","block_context":{"text":"Salud","link":"https:\/\/quanticamedios.com.ar\/?cat=117"},"img":{"alt_text":"","src":"https:\/\/i0.wp.com\/quanticamedios.com.ar\/wp-content\/uploads\/2022\/02\/WhatsApp-Image-2022-02-01-at-13.39.54.jpeg?fit=1080%2C1080&ssl=1&resize=350%2C200","width":350,"height":200,"srcset":"https:\/\/i0.wp.com\/quanticamedios.com.ar\/wp-content\/uploads\/2022\/02\/WhatsApp-Image-2022-02-01-at-13.39.54.jpeg?fit=1080%2C1080&ssl=1&resize=350%2C200 1x, https:\/\/i0.wp.com\/quanticamedios.com.ar\/wp-content\/uploads\/2022\/02\/WhatsApp-Image-2022-02-01-at-13.39.54.jpeg?fit=1080%2C1080&ssl=1&resize=525%2C300 1.5x, https:\/\/i0.wp.com\/quanticamedios.com.ar\/wp-content\/uploads\/2022\/02\/WhatsApp-Image-2022-02-01-at-13.39.54.jpeg?fit=1080%2C1080&ssl=1&resize=700%2C400 2x, https:\/\/i0.wp.com\/quanticamedios.com.ar\/wp-content\/uploads\/2022\/02\/WhatsApp-Image-2022-02-01-at-13.39.54.jpeg?fit=1080%2C1080&ssl=1&resize=1050%2C600 3x"},"classes":[]},{"id":7957,"url":"https:\/\/quanticamedios.com.ar\/?p=7957","url_meta":{"origin":6668,"position":3},"title":"Plaza de la Democracia: Un mar de pa\u00f1uelos y memoria a 50 a\u00f1os del golpe","author":"Gabriel Barrios","date":"21 marzo, 2026","format":false,"excerpt":"En el dia de ayer, la Plaza de la Democracia, ubicada contigua al Honorable Concejo Deliberante de Florencio Varela, se convirti\u00f3 en el epicentro de un emotivo acto de intervenci\u00f3n ciudadana. A d\u00edas de cumplirse el 50\u00b0 aniversario del \u00faltimo golpe militar en Argentina, la comunidad se reuni\u00f3 bajo las\u2026","rel":"","context":"En \u00abSociedad\u00bb","block_context":{"text":"Sociedad","link":"https:\/\/quanticamedios.com.ar\/?cat=25"},"img":{"alt_text":"","src":"https:\/\/i0.wp.com\/quanticamedios.com.ar\/wp-content\/uploads\/2026\/03\/WhatsApp-Image-2026-03-20-at-23.57.45.jpeg?fit=1200%2C800&ssl=1&resize=350%2C200","width":350,"height":200,"srcset":"https:\/\/i0.wp.com\/quanticamedios.com.ar\/wp-content\/uploads\/2026\/03\/WhatsApp-Image-2026-03-20-at-23.57.45.jpeg?fit=1200%2C800&ssl=1&resize=350%2C200 1x, https:\/\/i0.wp.com\/quanticamedios.com.ar\/wp-content\/uploads\/2026\/03\/WhatsApp-Image-2026-03-20-at-23.57.45.jpeg?fit=1200%2C800&ssl=1&resize=525%2C300 1.5x, https:\/\/i0.wp.com\/quanticamedios.com.ar\/wp-content\/uploads\/2026\/03\/WhatsApp-Image-2026-03-20-at-23.57.45.jpeg?fit=1200%2C800&ssl=1&resize=700%2C400 2x, https:\/\/i0.wp.com\/quanticamedios.com.ar\/wp-content\/uploads\/2026\/03\/WhatsApp-Image-2026-03-20-at-23.57.45.jpeg?fit=1200%2C800&ssl=1&resize=1050%2C600 3x"},"classes":[]},{"id":6475,"url":"https:\/\/quanticamedios.com.ar\/?p=6475","url_meta":{"origin":6668,"position":4},"title":"Sectores de la cultura convocan a un colectivo \u00abanti\u00bb Ley \u00ab\u00d3mnibus\u00bb en el Congreso","author":"Gabriel Barrios","date":"5 enero, 2024","format":false,"excerpt":"Diferentes sectores de la cultura convocan para esta tarde a una intervenci\u00f3n art\u00edstica participativa y abierta con la consigna \"Subite al colectivo anti \u00f3mnibus\", para \"representar los peligros que encierra el proyecto de ley impulsado por el gobierno nacional as\u00ed como el decreto de necesidad y urgencia 70\/2023\". En un\u2026","rel":"","context":"En \u00abCultura\u00bb","block_context":{"text":"Cultura","link":"https:\/\/quanticamedios.com.ar\/?cat=1422"},"img":{"alt_text":"Cultura contra el DNU - Te\u0301lam","src":"https:\/\/i0.wp.com\/quanticamedios.com.ar\/wp-content\/uploads\/2024\/01\/Cultura-contra-el-DNU-Telam.jpeg?fit=1200%2C675&ssl=1&resize=350%2C200","width":350,"height":200,"srcset":"https:\/\/i0.wp.com\/quanticamedios.com.ar\/wp-content\/uploads\/2024\/01\/Cultura-contra-el-DNU-Telam.jpeg?fit=1200%2C675&ssl=1&resize=350%2C200 1x, https:\/\/i0.wp.com\/quanticamedios.com.ar\/wp-content\/uploads\/2024\/01\/Cultura-contra-el-DNU-Telam.jpeg?fit=1200%2C675&ssl=1&resize=525%2C300 1.5x, https:\/\/i0.wp.com\/quanticamedios.com.ar\/wp-content\/uploads\/2024\/01\/Cultura-contra-el-DNU-Telam.jpeg?fit=1200%2C675&ssl=1&resize=700%2C400 2x, https:\/\/i0.wp.com\/quanticamedios.com.ar\/wp-content\/uploads\/2024\/01\/Cultura-contra-el-DNU-Telam.jpeg?fit=1200%2C675&ssl=1&resize=1050%2C600 3x"},"classes":[]},{"id":2713,"url":"https:\/\/quanticamedios.com.ar\/?p=2713","url_meta":{"origin":6668,"position":5},"title":"Habilitan un vacunatorio en Tecn\u00f3polis","author":"Gabriel Barrios","date":"2 octubre, 2021","format":false,"excerpt":"Se trata de un espacio pensado para favorecer el acceso a las vacunas del Calendario Nacional y sensibilizar sobre la importancia de completar los esquemas de vacunaci\u00f3n. Dispone de cinco consultorios y estar\u00e1 abierto a partir de este s\u00e1bado en los d\u00edas y horarios de funcionamiento del parque. En el\u2026","rel":"","context":"En \u00abPol\u00edtica\u00bb","block_context":{"text":"Pol\u00edtica","link":"https:\/\/quanticamedios.com.ar\/?cat=15"},"img":{"alt_text":"","src":"https:\/\/i0.wp.com\/quanticamedios.com.ar\/wp-content\/uploads\/2021\/10\/2-10-21-Tecnopolis-2.jpeg?fit=1200%2C872&ssl=1&resize=350%2C200","width":350,"height":200,"srcset":"https:\/\/i0.wp.com\/quanticamedios.com.ar\/wp-content\/uploads\/2021\/10\/2-10-21-Tecnopolis-2.jpeg?fit=1200%2C872&ssl=1&resize=350%2C200 1x, https:\/\/i0.wp.com\/quanticamedios.com.ar\/wp-content\/uploads\/2021\/10\/2-10-21-Tecnopolis-2.jpeg?fit=1200%2C872&ssl=1&resize=525%2C300 1.5x, https:\/\/i0.wp.com\/quanticamedios.com.ar\/wp-content\/uploads\/2021\/10\/2-10-21-Tecnopolis-2.jpeg?fit=1200%2C872&ssl=1&resize=700%2C400 2x, https:\/\/i0.wp.com\/quanticamedios.com.ar\/wp-content\/uploads\/2021\/10\/2-10-21-Tecnopolis-2.jpeg?fit=1200%2C872&ssl=1&resize=1050%2C600 3x"},"classes":[]}],"jetpack_shortlink":"https:\/\/wp.me\/ph7tt2-1Jy","jetpack_sharing_enabled":true,"jetpack_likes_enabled":true,"amp_enabled":true,"_links":{"self":[{"href":"https:\/\/quanticamedios.com.ar\/index.php?rest_route=\/wp\/v2\/posts\/6668","targetHints":{"allow":["GET"]}}],"collection":[{"href":"https:\/\/quanticamedios.com.ar\/index.php?rest_route=\/wp\/v2\/posts"}],"about":[{"href":"https:\/\/quanticamedios.com.ar\/index.php?rest_route=\/wp\/v2\/types\/post"}],"author":[{"embeddable":true,"href":"https:\/\/quanticamedios.com.ar\/index.php?rest_route=\/wp\/v2\/users\/2"}],"replies":[{"embeddable":true,"href":"https:\/\/quanticamedios.com.ar\/index.php?rest_route=%2Fwp%2Fv2%2Fcomments&post=6668"}],"version-history":[{"count":1,"href":"https:\/\/quanticamedios.com.ar\/index.php?rest_route=\/wp\/v2\/posts\/6668\/revisions"}],"predecessor-version":[{"id":6671,"href":"https:\/\/quanticamedios.com.ar\/index.php?rest_route=\/wp\/v2\/posts\/6668\/revisions\/6671"}],"wp:featuredmedia":[{"embeddable":true,"href":"https:\/\/quanticamedios.com.ar\/index.php?rest_route=\/wp\/v2\/media\/6670"}],"wp:attachment":[{"href":"https:\/\/quanticamedios.com.ar\/index.php?rest_route=%2Fwp%2Fv2%2Fmedia&parent=6668"}],"wp:term":[{"taxonomy":"category","embeddable":true,"href":"https:\/\/quanticamedios.com.ar\/index.php?rest_route=%2Fwp%2Fv2%2Fcategories&post=6668"},{"taxonomy":"post_tag","embeddable":true,"href":"https:\/\/quanticamedios.com.ar\/index.php?rest_route=%2Fwp%2Fv2%2Ftags&post=6668"}],"curies":[{"name":"wp","href":"https:\/\/api.w.org\/{rel}","templated":true}]}}