{"id":8023,"date":"2026-04-27T12:08:05","date_gmt":"2026-04-27T15:08:05","guid":{"rendered":"https:\/\/quanticamedios.com.ar\/?p=8023"},"modified":"2026-04-27T12:08:08","modified_gmt":"2026-04-27T15:08:08","slug":"florencio-varela-estudiantes-debatieron-sobre-violencia-en-redes-y-el-nuevo-regimen-penal-juvenil","status":"publish","type":"post","link":"https:\/\/quanticamedios.com.ar\/?p=8023","title":{"rendered":"Florencio Varela: Estudiantes debatieron sobre violencia en redes y el nuevo R\u00e9gimen Penal Juvenil"},"content":{"rendered":"\n<p><strong>En el marco del plan municipal de alfabetizaci\u00f3n, el intendente Andr\u00e9s Watson encabez\u00f3 un encuentro con j\u00f3venes varelenses para analizar el impacto de los retos virales y el alcance de la Ley N\u00ba27.801.<\/strong><\/p>\n\n\n\n<p>El \u00faltimo viernes de abril, el sal\u00f3n de Bomberos Voluntarios de&nbsp;<strong>Florencio Varela<\/strong>&nbsp;fue sede del quinto encuentro del Plan Municipal de Fortalecimiento de Lectura y Alfabetizaci\u00f3n. La jornada estuvo marcada por un eje central: la viralizaci\u00f3n de mensajes violentos en las escuelas y las implicancias legales del nuevo&nbsp;<strong>R\u00e9gimen Penal Juvenil (Ley N\u00ba27.801)<\/strong>.<\/p>\n\n\n\n<h2 class=\"wp-block-heading\">El di\u00e1logo como herramienta ante la hostilidad digital<\/h2>\n\n\n\n<p>El intendente&nbsp;<strong>Andr\u00e9s Watson<\/strong>&nbsp;dio apertura a las disertaciones agradeciendo el compromiso de los representantes de la Justicia presentes. \u00abBuscamos acercarles a los chicos y las chicas los instrumentos indispensables para analizar un tema en boga: los retos en las redes sociales\u00bb, destac\u00f3 el Mandatario.<\/p>\n\n\n\n<p>Watson enfatiz\u00f3 la importancia de la comunicaci\u00f3n para navegar una actualidad que calific\u00f3 como \u00abcambiante y hostil\u00bb. Asimismo, inst\u00f3 a los j\u00f3venes a reflexionar sobre sus acciones en el mundo digital: \u00abDebemos entender que no son chistes; son actos que no solo activan dispositivos de seguridad, sino que conllevan consecuencias reales\u00bb.<\/p>\n\n\n\n<h2 class=\"wp-block-heading\">La voz de los estudiantes y el peligro de las \u00abFake News\u00bb<\/h2>\n\n\n\n<p>Durante el encuentro, alumnas de la Escuela Media N\u00ba2 de El Roc\u00edo y de la E.S. N\u00ba6 \u201cHomero Manzi\u201d compartieron su preocupaci\u00f3n por el clima de temor que generan estas amenazas virales.&nbsp;<strong>Milagros Acu\u00f1a y Xiomara Cruz<\/strong>&nbsp;relataron c\u00f3mo trabajaron en la prevenci\u00f3n para llevar tranquilidad a los m\u00e1s chicos, mientras que&nbsp;<strong>Nicole Ju\u00e1rez<\/strong>&nbsp;subray\u00f3 el acompa\u00f1amiento entre pares ante el ausentismo escolar provocado por estos mensajes.<\/p>\n\n\n\n<p>Por su parte, la subsecretaria de Prensa y Comunicaci\u00f3n,&nbsp;<strong>Noelia Pi\u00f1eiro<\/strong>, analiz\u00f3 junto al alumnado la peligrosidad de los contenidos masivos en plataformas como&nbsp;<strong>TikTok<\/strong>. \u00abGeneran consumos r\u00e1pidos con menos chequeos, facilitando la propagaci\u00f3n de&nbsp;<em>fake news<\/em>&nbsp;y mensajes negativos\u00bb, advirti\u00f3.<\/p>\n\n\n\n<p>Un panel multidisciplinario para el abordaje inclusivo<\/p>\n\n\n\n<p>La jornada cont\u00f3 con un panel t\u00e9cnico integrado por especialistas en derecho y pol\u00edticas sociales:<\/p>\n\n\n\n<ul class=\"wp-block-list\">\n<li><strong>Marina Corbelli<\/strong>\u00a0(Abordaje Inclusivo municipal).<\/li>\n\n\n\n<li><strong>Valeria Patanella<\/strong>\u00a0(Fiscal\u00eda de Responsabilidad Penal Juvenil N\u00ba2).<\/li>\n\n\n\n<li><strong>Juan Pablo Lelievre<\/strong>\u00a0y\u00a0<strong>Marcelo Leguizam\u00f3n<\/strong>\u00a0(Defensor\u00edas de Responsabilidad Penal Juvenil).<\/li>\n<\/ul>\n\n\n\n<p>El evento reuni\u00f3 a centros de estudiantes, j\u00f3venes del programa \u201cContener\u201d, directivos y autoridades judiciales como el fiscal&nbsp;<strong>Ernesto Ichazo<\/strong>&nbsp;y defensores locales, consolidando un espacio de articulaci\u00f3n entre el municipio, la justicia y la comunidad educativa de Florencio Varela.<br><\/p>\n","protected":false},"excerpt":{"rendered":"<p>En el marco del plan municipal de alfabetizaci\u00f3n, el intendente Andr\u00e9s Watson encabez\u00f3 un encuentro con j\u00f3venes varelenses para analizar el impacto de los retos virales y el alcance de&hellip; <\/p>\n","protected":false},"author":2,"featured_media":8025,"comment_status":"open","ping_status":"open","sticky":false,"template":"","format":"standard","meta":{"advanced_seo_description":"","jetpack_seo_html_title":"estudiantes-varela-debate-redes-regimen-penal-juvenil","jetpack_seo_noindex":false,"jetpack_post_was_ever_published":false,"_jetpack_newsletter_access":"","_jetpack_dont_email_post_to_subs":false,"_jetpack_newsletter_tier_id":0,"_jetpack_memberships_contains_paywalled_content":false,"_jetpack_memberships_contains_paid_content":false,"footnotes":"","jetpack_publicize_message":"","jetpack_publicize_feature_enabled":true,"jetpack_social_post_already_shared":false,"jetpack_social_options":{"image_generator_settings":{"template":"highway","default_image_id":0,"font":"","enabled":false},"version":2}},"categories":[25],"tags":[6,994,4,18,564,5786,5788,26,5787],"class_list":["post-8023","post","type-post","status-publish","format-standard","has-post-thumbnail","hentry","category-sociedad","tag-andres-watson","tag-escuelas","tag-florencio-varela","tag-politica","tag-redes-sociales","tag-regimen-penal-juvenil","tag-seguridad-juvenil","tag-sociedad","tag-tiktok"],"jetpack_publicize_connections":[],"jetpack_featured_media_url":"https:\/\/i0.wp.com\/quanticamedios.com.ar\/wp-content\/uploads\/2026\/04\/image185819-scaled.jpg?fit=2560%2C1706&ssl=1","jetpack-related-posts":[{"id":4992,"url":"https:\/\/quanticamedios.com.ar\/?p=4992","url_meta":{"origin":8023,"position":0},"title":"Fin de a\u00f1o en los jardines del HCD Varelense","author":"Gabriel Barrios","date":"22 diciembre, 2022","format":false,"excerpt":"Se realiz\u00f3 en los jardines de la Plaza de la Democracia, el tradicional brindis por Navidad y A\u00f1o Nuevo del Honorable Concejo Deliberante de Florencio Varela. Adem\u00e1s de los trabajadores del HCD participaron vecinos, artistas, ediles y el Intendente Andr\u00e9s Watson. En la oportunidad, que cont\u00f3 con la presencia del\u2026","rel":"","context":"En \u00abSociedad\u00bb","block_context":{"text":"Sociedad","link":"https:\/\/quanticamedios.com.ar\/?cat=25"},"img":{"alt_text":"","src":"https:\/\/i0.wp.com\/quanticamedios.com.ar\/wp-content\/uploads\/2022\/12\/DSCN3483.jpg?fit=1200%2C724&ssl=1&resize=350%2C200","width":350,"height":200,"srcset":"https:\/\/i0.wp.com\/quanticamedios.com.ar\/wp-content\/uploads\/2022\/12\/DSCN3483.jpg?fit=1200%2C724&ssl=1&resize=350%2C200 1x, https:\/\/i0.wp.com\/quanticamedios.com.ar\/wp-content\/uploads\/2022\/12\/DSCN3483.jpg?fit=1200%2C724&ssl=1&resize=525%2C300 1.5x, https:\/\/i0.wp.com\/quanticamedios.com.ar\/wp-content\/uploads\/2022\/12\/DSCN3483.jpg?fit=1200%2C724&ssl=1&resize=700%2C400 2x, https:\/\/i0.wp.com\/quanticamedios.com.ar\/wp-content\/uploads\/2022\/12\/DSCN3483.jpg?fit=1200%2C724&ssl=1&resize=1050%2C600 3x"},"classes":[]},{"id":2952,"url":"https:\/\/quanticamedios.com.ar\/?p=2952","url_meta":{"origin":8023,"position":1},"title":"Andr\u00e9s Watson y Trist\u00e1n Bauer destacaron la matriz cultural de Florencio Varela","author":"Gabriel Barrios","date":"5 noviembre, 2021","format":false,"excerpt":"El ministro de Cultura nacional visit\u00f3 Florencio Varela y tras participar de una mini presentaci\u00f3n de la Orquesta Sif\u00f3nica Municipal, le fue presentado el proyecto de Teatro Municipal, y la ampliaci\u00f3n de la Casa de la cultura local. El intendente Andr\u00e9s Watson junto al ministro de Cultura de la Naci\u00f3n\u2026","rel":"","context":"En \u00abFlorencio Varela\u00bb","block_context":{"text":"Florencio Varela","link":"https:\/\/quanticamedios.com.ar\/?cat=3"},"img":{"alt_text":"","src":"https:\/\/i0.wp.com\/quanticamedios.com.ar\/wp-content\/uploads\/2021\/11\/DSCN1115-scaled.jpg?fit=1200%2C900&ssl=1&resize=350%2C200","width":350,"height":200,"srcset":"https:\/\/i0.wp.com\/quanticamedios.com.ar\/wp-content\/uploads\/2021\/11\/DSCN1115-scaled.jpg?fit=1200%2C900&ssl=1&resize=350%2C200 1x, https:\/\/i0.wp.com\/quanticamedios.com.ar\/wp-content\/uploads\/2021\/11\/DSCN1115-scaled.jpg?fit=1200%2C900&ssl=1&resize=525%2C300 1.5x, https:\/\/i0.wp.com\/quanticamedios.com.ar\/wp-content\/uploads\/2021\/11\/DSCN1115-scaled.jpg?fit=1200%2C900&ssl=1&resize=700%2C400 2x, https:\/\/i0.wp.com\/quanticamedios.com.ar\/wp-content\/uploads\/2021\/11\/DSCN1115-scaled.jpg?fit=1200%2C900&ssl=1&resize=1050%2C600 3x"},"classes":[]},{"id":6214,"url":"https:\/\/quanticamedios.com.ar\/?p=6214","url_meta":{"origin":8023,"position":2},"title":"Multitudinario cierre de \u00abConcejales por un d\u00eda\u00bb","author":"Gabriel Barrios","date":"11 octubre, 2023","format":false,"excerpt":"Se llev\u00f3 adelante la \u00faltima Sesi\u00f3n del a\u00f1o del programa \u201cConcejales por un d\u00eda\u201d, evento del cual participaron m\u00e1s de 300 alumnos y alumnas de las diferentes escuelas (P\u00fablicas y privadas) del distrito, que participaron del programa legislativo durante todo el a\u00f1o 2023. Cada escuela e instituto designo un representante\u2026","rel":"","context":"En \u00abSociedad\u00bb","block_context":{"text":"Sociedad","link":"https:\/\/quanticamedios.com.ar\/?cat=25"},"img":{"alt_text":"","src":"https:\/\/i0.wp.com\/quanticamedios.com.ar\/wp-content\/uploads\/2023\/10\/0ca2bacc-8cd4-4d6c-96bd-ba7953941fc4.jpeg?fit=1200%2C900&ssl=1&resize=350%2C200","width":350,"height":200,"srcset":"https:\/\/i0.wp.com\/quanticamedios.com.ar\/wp-content\/uploads\/2023\/10\/0ca2bacc-8cd4-4d6c-96bd-ba7953941fc4.jpeg?fit=1200%2C900&ssl=1&resize=350%2C200 1x, https:\/\/i0.wp.com\/quanticamedios.com.ar\/wp-content\/uploads\/2023\/10\/0ca2bacc-8cd4-4d6c-96bd-ba7953941fc4.jpeg?fit=1200%2C900&ssl=1&resize=525%2C300 1.5x, https:\/\/i0.wp.com\/quanticamedios.com.ar\/wp-content\/uploads\/2023\/10\/0ca2bacc-8cd4-4d6c-96bd-ba7953941fc4.jpeg?fit=1200%2C900&ssl=1&resize=700%2C400 2x, https:\/\/i0.wp.com\/quanticamedios.com.ar\/wp-content\/uploads\/2023\/10\/0ca2bacc-8cd4-4d6c-96bd-ba7953941fc4.jpeg?fit=1200%2C900&ssl=1&resize=1050%2C600 3x"},"classes":[]},{"id":7980,"url":"https:\/\/quanticamedios.com.ar\/?p=7980","url_meta":{"origin":8023,"position":3},"title":"Abril llega con capacitaciones gratuitas","author":"Gabriel Barrios","date":"24 marzo, 2026","format":false,"excerpt":"La Comuna diagrama, durante el cuarto mes del a\u00f1o, propuestas pedag\u00f3gicas destinadas tanto a infancias, adolescencias como a personas adultas en el Centro Educativo Integral Municipal N\u00ba2, situado en calle Posadas N\u00ba3100 -La Pileta-. El director de Fortalecimiento Educativo -Mariano Dom\u00ednguez- destaca \u201clas acciones promovidas por el intendente, Andr\u00e9s Watson,\u2026","rel":"","context":"En \u00abFlorencio Varela\u00bb","block_context":{"text":"Florencio Varela","link":"https:\/\/quanticamedios.com.ar\/?cat=3"},"img":{"alt_text":"","src":"https:\/\/i0.wp.com\/quanticamedios.com.ar\/wp-content\/uploads\/2026\/03\/image185530.jpg?fit=800%2C600&ssl=1&resize=350%2C200","width":350,"height":200,"srcset":"https:\/\/i0.wp.com\/quanticamedios.com.ar\/wp-content\/uploads\/2026\/03\/image185530.jpg?fit=800%2C600&ssl=1&resize=350%2C200 1x, https:\/\/i0.wp.com\/quanticamedios.com.ar\/wp-content\/uploads\/2026\/03\/image185530.jpg?fit=800%2C600&ssl=1&resize=525%2C300 1.5x, https:\/\/i0.wp.com\/quanticamedios.com.ar\/wp-content\/uploads\/2026\/03\/image185530.jpg?fit=800%2C600&ssl=1&resize=700%2C400 2x"},"classes":[]},{"id":6204,"url":"https:\/\/quanticamedios.com.ar\/?p=6204","url_meta":{"origin":8023,"position":4},"title":"Concejales por un d\u00eda y Orquesta Sinf\u00f3nica en el HCD","author":"Gabriel Barrios","date":"3 octubre, 2023","format":false,"excerpt":"El programa \"Concejales por un d\u00eda\" llega a su fin este 2023 y las noches de cultura en el recinto tiene una nueva fecha. Esta vez con la Orquesta Sif\u00f3nica Municipal. Gustavo Rearte, presidente del HCD local, en di\u00e1logo con Qu\u00e1ntica Radio se refiri\u00f3 al programa \"Concejales por un d\u00eda\",\u2026","rel":"","context":"En \u00abFlorencio Varela\u00bb","block_context":{"text":"Florencio Varela","link":"https:\/\/quanticamedios.com.ar\/?cat=3"},"img":{"alt_text":"","src":"https:\/\/i0.wp.com\/quanticamedios.com.ar\/wp-content\/uploads\/2023\/03\/337509233_1350633588837387_9197023965030422567_n.jpg?fit=1200%2C800&ssl=1&resize=350%2C200","width":350,"height":200,"srcset":"https:\/\/i0.wp.com\/quanticamedios.com.ar\/wp-content\/uploads\/2023\/03\/337509233_1350633588837387_9197023965030422567_n.jpg?fit=1200%2C800&ssl=1&resize=350%2C200 1x, https:\/\/i0.wp.com\/quanticamedios.com.ar\/wp-content\/uploads\/2023\/03\/337509233_1350633588837387_9197023965030422567_n.jpg?fit=1200%2C800&ssl=1&resize=525%2C300 1.5x, https:\/\/i0.wp.com\/quanticamedios.com.ar\/wp-content\/uploads\/2023\/03\/337509233_1350633588837387_9197023965030422567_n.jpg?fit=1200%2C800&ssl=1&resize=700%2C400 2x, https:\/\/i0.wp.com\/quanticamedios.com.ar\/wp-content\/uploads\/2023\/03\/337509233_1350633588837387_9197023965030422567_n.jpg?fit=1200%2C800&ssl=1&resize=1050%2C600 3x"},"classes":[]},{"id":291,"url":"https:\/\/quanticamedios.com.ar\/?p=291","url_meta":{"origin":8023,"position":5},"title":"Watson anunci\u00f3 la creaci\u00f3n del Centro Veterinario Municipal","author":"Gabriel Barrios","date":"18 febrero, 2021","format":false,"excerpt":"Mediante un v\u00eddeo publicado en las redes sociales, el Intendente municipal, Andr\u00e9s Watson le comunic\u00f3 a los vecinos del distrito la construcci\u00f3n del \"Centro Veterinario Municipal\".","rel":"","context":"En \u00abFlorencio Varela\u00bb","block_context":{"text":"Florencio Varela","link":"https:\/\/quanticamedios.com.ar\/?cat=3"},"img":{"alt_text":"","src":"https:\/\/i0.wp.com\/quanticamedios.com.ar\/wp-content\/uploads\/2021\/02\/Watson-Teleconferencia.jpg?fit=1200%2C800&ssl=1&resize=350%2C200","width":350,"height":200,"srcset":"https:\/\/i0.wp.com\/quanticamedios.com.ar\/wp-content\/uploads\/2021\/02\/Watson-Teleconferencia.jpg?fit=1200%2C800&ssl=1&resize=350%2C200 1x, https:\/\/i0.wp.com\/quanticamedios.com.ar\/wp-content\/uploads\/2021\/02\/Watson-Teleconferencia.jpg?fit=1200%2C800&ssl=1&resize=525%2C300 1.5x, https:\/\/i0.wp.com\/quanticamedios.com.ar\/wp-content\/uploads\/2021\/02\/Watson-Teleconferencia.jpg?fit=1200%2C800&ssl=1&resize=700%2C400 2x, https:\/\/i0.wp.com\/quanticamedios.com.ar\/wp-content\/uploads\/2021\/02\/Watson-Teleconferencia.jpg?fit=1200%2C800&ssl=1&resize=1050%2C600 3x"},"classes":[]}],"jetpack_shortlink":"https:\/\/wp.me\/ph7tt2-25p","jetpack_sharing_enabled":true,"jetpack_likes_enabled":true,"amp_enabled":true,"_links":{"self":[{"href":"https:\/\/quanticamedios.com.ar\/index.php?rest_route=\/wp\/v2\/posts\/8023","targetHints":{"allow":["GET"]}}],"collection":[{"href":"https:\/\/quanticamedios.com.ar\/index.php?rest_route=\/wp\/v2\/posts"}],"about":[{"href":"https:\/\/quanticamedios.com.ar\/index.php?rest_route=\/wp\/v2\/types\/post"}],"author":[{"embeddable":true,"href":"https:\/\/quanticamedios.com.ar\/index.php?rest_route=\/wp\/v2\/users\/2"}],"replies":[{"embeddable":true,"href":"https:\/\/quanticamedios.com.ar\/index.php?rest_route=%2Fwp%2Fv2%2Fcomments&post=8023"}],"version-history":[{"count":1,"href":"https:\/\/quanticamedios.com.ar\/index.php?rest_route=\/wp\/v2\/posts\/8023\/revisions"}],"predecessor-version":[{"id":8026,"href":"https:\/\/quanticamedios.com.ar\/index.php?rest_route=\/wp\/v2\/posts\/8023\/revisions\/8026"}],"wp:featuredmedia":[{"embeddable":true,"href":"https:\/\/quanticamedios.com.ar\/index.php?rest_route=\/wp\/v2\/media\/8025"}],"wp:attachment":[{"href":"https:\/\/quanticamedios.com.ar\/index.php?rest_route=%2Fwp%2Fv2%2Fmedia&parent=8023"}],"wp:term":[{"taxonomy":"category","embeddable":true,"href":"https:\/\/quanticamedios.com.ar\/index.php?rest_route=%2Fwp%2Fv2%2Fcategories&post=8023"},{"taxonomy":"post_tag","embeddable":true,"href":"https:\/\/quanticamedios.com.ar\/index.php?rest_route=%2Fwp%2Fv2%2Ftags&post=8023"}],"curies":[{"name":"wp","href":"https:\/\/api.w.org\/{rel}","templated":true}]}}