{"id":8027,"date":"2026-04-28T10:11:38","date_gmt":"2026-04-28T13:11:38","guid":{"rendered":"https:\/\/quanticamedios.com.ar\/?p=8027"},"modified":"2026-04-28T10:11:40","modified_gmt":"2026-04-28T13:11:40","slug":"estudiantes-varelenses-presentaron-la-union-estudiantil-secundaria","status":"publish","type":"post","link":"https:\/\/quanticamedios.com.ar\/?p=8027","title":{"rendered":"Estudiantes varelenses presentaron la Uni\u00f3n Estudiantil Secundaria"},"content":{"rendered":"\n<p><strong><em>Andr\u00e9s Watson y estudiantes de escuelas secundarias analizaron inquietudes de la agenda escolar<br><\/em><\/strong><br>Andr\u00e9s Watson recibi\u00f3, este lunes al  mediod\u00eda, en la Intendencia a estudiantes representantes de instituciones de nivel medio, tanto de gesti\u00f3n estatal como privada, quienes presentaron formalmente el proyecto para conformar la Uni\u00f3n Estudiantil Secundaria (UES).<\/p>\n\n\n\n<p>\u201cConversamos sobre el funcionamiento de la UES. Expusimos los principales temas que nos preocupaban: la violencia o la salud mental en las aulas\u201d, explic\u00f3 Mateo L\u00f3pez, de la E.S. N\u00ba24, que ocup\u00f3 el rol de presidente de la organizaci\u00f3n.<\/p>\n\n\n\n<p>El adolescente resalt\u00f3 \u201cel nexo con el Municipio, vital en la construcci\u00f3n colectiva de propuestas que atendieron a las necesidades de las chicas y los chicos dentro de la escuela, pero tambi\u00e9n en su d\u00eda a d\u00eda\u201d.<\/p>\n\n\n\n<p>Alejandro Fern\u00e1ndez, de la E.S. N\u00ba8, desempe\u00f1aba el puesto de secretario de Medioambiente. Consider\u00f3 al cambio clim\u00e1tico \u201cuna cuesti\u00f3n fundamental para debatir entre juventudes, compartir las diferentes experiencias y abogar por el cuidado de nuestro entorno\u201d.<\/p>\n\n\n\n<p>Estuvieron presentes, la secretaria de Educaci\u00f3n, Lic. Andrea Digiobani; la subsecretaria de Prensa y Comunicaci\u00f3n, Lic.Noelia Pi\u00f1eiro.<\/p>\n","protected":false},"excerpt":{"rendered":"<p>Andr\u00e9s Watson y estudiantes de escuelas secundarias analizaron inquietudes de la agenda escolarAndr\u00e9s Watson recibi\u00f3, este lunes al mediod\u00eda, en la Intendencia a estudiantes representantes de instituciones de nivel medio,&hellip; <\/p>\n","protected":false},"author":2,"featured_media":8029,"comment_status":"open","ping_status":"open","sticky":false,"template":"","format":"standard","meta":{"advanced_seo_description":"","jetpack_seo_html_title":"","jetpack_seo_noindex":false,"jetpack_post_was_ever_published":false,"_jetpack_newsletter_access":"","_jetpack_dont_email_post_to_subs":false,"_jetpack_newsletter_tier_id":0,"_jetpack_memberships_contains_paywalled_content":false,"_jetpack_memberships_contains_paid_content":false,"footnotes":"","jetpack_publicize_message":"","jetpack_publicize_feature_enabled":true,"jetpack_social_post_already_shared":true,"jetpack_social_options":{"image_generator_settings":{"template":"highway","default_image_id":0,"font":"","enabled":false},"version":2}},"categories":[3,2],"tags":[6,146,5789,4,18,26],"class_list":["post-8027","post","type-post","status-publish","format-standard","has-post-thumbnail","hentry","category-florencio-varela","category-municipios","tag-andres-watson","tag-educacion","tag-estudiantes-secundarios","tag-florencio-varela","tag-politica","tag-sociedad"],"jetpack_publicize_connections":[],"jetpack_featured_media_url":"https:\/\/i0.wp.com\/quanticamedios.com.ar\/wp-content\/uploads\/2026\/04\/image185848-scaled.jpg?fit=2560%2C1706&ssl=1","jetpack-related-posts":[{"id":5764,"url":"https:\/\/quanticamedios.com.ar\/?p=5764","url_meta":{"origin":8027,"position":0},"title":"Kicillof entreg\u00f3 2.150 computadoras a estudiantes de Florencio Varela","author":"Gabriel Barrios","date":"24 junio, 2023","format":false,"excerpt":"Kicillof entreg\u00f3 2.150 computadoras a estudiantes de Florencio Varela.","rel":"","context":"En \u00abPol\u00edtica\u00bb","block_context":{"text":"Pol\u00edtica","link":"https:\/\/quanticamedios.com.ar\/?cat=15"},"img":{"alt_text":"","src":"https:\/\/i0.wp.com\/quanticamedios.com.ar\/wp-content\/uploads\/2023\/06\/WhatsApp-Image-2023-06-23-at-16.28.48-1.jpeg?fit=1080%2C720&ssl=1&resize=350%2C200","width":350,"height":200,"srcset":"https:\/\/i0.wp.com\/quanticamedios.com.ar\/wp-content\/uploads\/2023\/06\/WhatsApp-Image-2023-06-23-at-16.28.48-1.jpeg?fit=1080%2C720&ssl=1&resize=350%2C200 1x, https:\/\/i0.wp.com\/quanticamedios.com.ar\/wp-content\/uploads\/2023\/06\/WhatsApp-Image-2023-06-23-at-16.28.48-1.jpeg?fit=1080%2C720&ssl=1&resize=525%2C300 1.5x, https:\/\/i0.wp.com\/quanticamedios.com.ar\/wp-content\/uploads\/2023\/06\/WhatsApp-Image-2023-06-23-at-16.28.48-1.jpeg?fit=1080%2C720&ssl=1&resize=700%2C400 2x, https:\/\/i0.wp.com\/quanticamedios.com.ar\/wp-content\/uploads\/2023\/06\/WhatsApp-Image-2023-06-23-at-16.28.48-1.jpeg?fit=1080%2C720&ssl=1&resize=1050%2C600 3x"},"classes":[]},{"id":7041,"url":"https:\/\/quanticamedios.com.ar\/?p=7041","url_meta":{"origin":8027,"position":1},"title":"Inici\u00f3 un nuevo ciclo de \u201cConcejales por un d\u00eda\u201d","author":"Gabriel Barrios","date":"10 abril, 2025","format":false,"excerpt":"La m\u00e1xima autoridad en el distrito -Andr\u00e9s Watson- presidi\u00f3 el lanzamiento de la cuarta edici\u00f3n del proyecto destinado a estudiantes del partido . Fue el martes por la ma\u00f1ana en el recinto de la asamblea legislativa local -Av. Calchaqu\u00ed esquina Sargento Cabral- con el programa \u201cConstruyendo Comunidades\u201d como contexto. El\u2026","rel":"","context":"En \u00abPol\u00edtica\u00bb","block_context":{"text":"Pol\u00edtica","link":"https:\/\/quanticamedios.com.ar\/?cat=15"},"img":{"alt_text":"","src":"https:\/\/i0.wp.com\/quanticamedios.com.ar\/wp-content\/uploads\/2025\/04\/DSCN1340-scaled.jpg?fit=1200%2C882&ssl=1&resize=350%2C200","width":350,"height":200,"srcset":"https:\/\/i0.wp.com\/quanticamedios.com.ar\/wp-content\/uploads\/2025\/04\/DSCN1340-scaled.jpg?fit=1200%2C882&ssl=1&resize=350%2C200 1x, https:\/\/i0.wp.com\/quanticamedios.com.ar\/wp-content\/uploads\/2025\/04\/DSCN1340-scaled.jpg?fit=1200%2C882&ssl=1&resize=525%2C300 1.5x, https:\/\/i0.wp.com\/quanticamedios.com.ar\/wp-content\/uploads\/2025\/04\/DSCN1340-scaled.jpg?fit=1200%2C882&ssl=1&resize=700%2C400 2x, https:\/\/i0.wp.com\/quanticamedios.com.ar\/wp-content\/uploads\/2025\/04\/DSCN1340-scaled.jpg?fit=1200%2C882&ssl=1&resize=1050%2C600 3x"},"classes":[]},{"id":5610,"url":"https:\/\/quanticamedios.com.ar\/?p=5610","url_meta":{"origin":8027,"position":2},"title":"Wado de Pedro a los j\u00f3venes varelenses: \u00abEl futuro (de la Argentina) son ustedes, no somos una sociedad fracasada \u00ab","author":"Gabriel Barrios","date":"22 mayo, 2023","format":false,"excerpt":"Andr\u00e9s Watson y Eduardo Guado de Pedro entregaron 1986 computadoras a estudiantes varelenses en el marco del programa \"Conectar Igualdad bonaerense\", implementado por el gobierno que encabeza Axel Kicillof. Esta ma\u00f1ana en el Polideportivo \"La Partida\", el intendente Andr\u00e9s Watson, el ministro del Interior de la Naci\u00f3n ,Eduardo Wado de\u2026","rel":"","context":"En \u00abSociedad\u00bb","block_context":{"text":"Sociedad","link":"https:\/\/quanticamedios.com.ar\/?cat=25"},"img":{"alt_text":"","src":"https:\/\/i0.wp.com\/quanticamedios.com.ar\/wp-content\/uploads\/2023\/05\/IMG-20230522-WA0058.jpg?fit=1200%2C900&ssl=1&resize=350%2C200","width":350,"height":200,"srcset":"https:\/\/i0.wp.com\/quanticamedios.com.ar\/wp-content\/uploads\/2023\/05\/IMG-20230522-WA0058.jpg?fit=1200%2C900&ssl=1&resize=350%2C200 1x, https:\/\/i0.wp.com\/quanticamedios.com.ar\/wp-content\/uploads\/2023\/05\/IMG-20230522-WA0058.jpg?fit=1200%2C900&ssl=1&resize=525%2C300 1.5x, https:\/\/i0.wp.com\/quanticamedios.com.ar\/wp-content\/uploads\/2023\/05\/IMG-20230522-WA0058.jpg?fit=1200%2C900&ssl=1&resize=700%2C400 2x, https:\/\/i0.wp.com\/quanticamedios.com.ar\/wp-content\/uploads\/2023\/05\/IMG-20230522-WA0058.jpg?fit=1200%2C900&ssl=1&resize=1050%2C600 3x"},"classes":[]},{"id":5572,"url":"https:\/\/quanticamedios.com.ar\/?p=5572","url_meta":{"origin":8027,"position":3},"title":"Entrega de mobiliario a escuelas vareteases","author":"Gabriel Barrios","date":"6 mayo, 2023","format":false,"excerpt":"m\u00e1s de 70 escuelas de Florencio Varela recibieron mobiliario nuevo. Los mismos se agregan a lo recibido durante la visita del Gobernador Axel Kicillof en la inauguraci\u00f3n del nuevo edificio de la primaria 8 en La Capilla.55 Tras la gesti\u00f3n de Andr\u00e9s Watson ante el gobierno nacional y provincial, establecimientos\u2026","rel":"","context":"En \u00abFlorencio Varela\u00bb","block_context":{"text":"Florencio Varela","link":"https:\/\/quanticamedios.com.ar\/?cat=3"},"img":{"alt_text":"","src":"https:\/\/i0.wp.com\/quanticamedios.com.ar\/wp-content\/uploads\/2023\/05\/1c912d74-cb32-334e-8e7c-c8489766506e.jpg?fit=1200%2C900&ssl=1&resize=350%2C200","width":350,"height":200,"srcset":"https:\/\/i0.wp.com\/quanticamedios.com.ar\/wp-content\/uploads\/2023\/05\/1c912d74-cb32-334e-8e7c-c8489766506e.jpg?fit=1200%2C900&ssl=1&resize=350%2C200 1x, https:\/\/i0.wp.com\/quanticamedios.com.ar\/wp-content\/uploads\/2023\/05\/1c912d74-cb32-334e-8e7c-c8489766506e.jpg?fit=1200%2C900&ssl=1&resize=525%2C300 1.5x, https:\/\/i0.wp.com\/quanticamedios.com.ar\/wp-content\/uploads\/2023\/05\/1c912d74-cb32-334e-8e7c-c8489766506e.jpg?fit=1200%2C900&ssl=1&resize=700%2C400 2x, https:\/\/i0.wp.com\/quanticamedios.com.ar\/wp-content\/uploads\/2023\/05\/1c912d74-cb32-334e-8e7c-c8489766506e.jpg?fit=1200%2C900&ssl=1&resize=1050%2C600 3x"},"classes":[]},{"id":4832,"url":"https:\/\/quanticamedios.com.ar\/?p=4832","url_meta":{"origin":8027,"position":4},"title":"Mayra Mendoza y el ministro Perczik entregaron notebooks","author":"Gabriel Barrios","date":"18 noviembre, 2022","format":false,"excerpt":"La intendenta de Quilmes, Mayra Mendoza, encabez\u00f3 este viernes junto al ministro de Educaci\u00f3n de la Naci\u00f3n, Jaime Perczyk, la entrega de m\u00e1s de mil netbooks a alumnos y alumnas de 2\u00ba a\u00f1o de diversas instituciones educativas p\u00fablicas del distrito, en el marco del programa nacional \u201cConectar Igualdad\u201d. El acto\u2026","rel":"","context":"En \u00abMunicipios\u00bb","block_context":{"text":"Municipios","link":"https:\/\/quanticamedios.com.ar\/?cat=2"},"img":{"alt_text":"","src":"https:\/\/i0.wp.com\/quanticamedios.com.ar\/wp-content\/uploads\/2022\/11\/MAYRA-Y-PERCZYK-1.jpg?fit=853%2C568&ssl=1&resize=350%2C200","width":350,"height":200,"srcset":"https:\/\/i0.wp.com\/quanticamedios.com.ar\/wp-content\/uploads\/2022\/11\/MAYRA-Y-PERCZYK-1.jpg?fit=853%2C568&ssl=1&resize=350%2C200 1x, https:\/\/i0.wp.com\/quanticamedios.com.ar\/wp-content\/uploads\/2022\/11\/MAYRA-Y-PERCZYK-1.jpg?fit=853%2C568&ssl=1&resize=525%2C300 1.5x, https:\/\/i0.wp.com\/quanticamedios.com.ar\/wp-content\/uploads\/2022\/11\/MAYRA-Y-PERCZYK-1.jpg?fit=853%2C568&ssl=1&resize=700%2C400 2x"},"classes":[]},{"id":4712,"url":"https:\/\/quanticamedios.com.ar\/?p=4712","url_meta":{"origin":8027,"position":5},"title":"Concejal por un d\u00eda: Se realiz\u00f3 la primera sesi\u00f3n","author":"Gabriel Barrios","date":"27 septiembre, 2022","format":false,"excerpt":"El programa consiste en la capacitaci\u00f3n de alumnos y alumnas de las escuelas secundarias del distrito en los procedimientos vinculados con el poder legislativo en el orden municipal. Se realiz\u00f3 en el recinto \u201cIslas Malvinas Argentinas\u201d del Honorable Concejo Deliberante de Florencio Varela, la primera Sesi\u00f3n del Programa \u201cConcejal por\u2026","rel":"","context":"En \u00abFlorencio Varela\u00bb","block_context":{"text":"Florencio Varela","link":"https:\/\/quanticamedios.com.ar\/?cat=3"},"img":{"alt_text":"","src":"https:\/\/i0.wp.com\/quanticamedios.com.ar\/wp-content\/uploads\/2022\/09\/b42db3d2-f9cd-407f-a925-61addcc7b20a.jpg?fit=1200%2C832&ssl=1&resize=350%2C200","width":350,"height":200,"srcset":"https:\/\/i0.wp.com\/quanticamedios.com.ar\/wp-content\/uploads\/2022\/09\/b42db3d2-f9cd-407f-a925-61addcc7b20a.jpg?fit=1200%2C832&ssl=1&resize=350%2C200 1x, https:\/\/i0.wp.com\/quanticamedios.com.ar\/wp-content\/uploads\/2022\/09\/b42db3d2-f9cd-407f-a925-61addcc7b20a.jpg?fit=1200%2C832&ssl=1&resize=525%2C300 1.5x, https:\/\/i0.wp.com\/quanticamedios.com.ar\/wp-content\/uploads\/2022\/09\/b42db3d2-f9cd-407f-a925-61addcc7b20a.jpg?fit=1200%2C832&ssl=1&resize=700%2C400 2x, https:\/\/i0.wp.com\/quanticamedios.com.ar\/wp-content\/uploads\/2022\/09\/b42db3d2-f9cd-407f-a925-61addcc7b20a.jpg?fit=1200%2C832&ssl=1&resize=1050%2C600 3x"},"classes":[]}],"jetpack_shortlink":"https:\/\/wp.me\/ph7tt2-25t","jetpack_sharing_enabled":true,"jetpack_likes_enabled":true,"amp_enabled":true,"_links":{"self":[{"href":"https:\/\/quanticamedios.com.ar\/index.php?rest_route=\/wp\/v2\/posts\/8027","targetHints":{"allow":["GET"]}}],"collection":[{"href":"https:\/\/quanticamedios.com.ar\/index.php?rest_route=\/wp\/v2\/posts"}],"about":[{"href":"https:\/\/quanticamedios.com.ar\/index.php?rest_route=\/wp\/v2\/types\/post"}],"author":[{"embeddable":true,"href":"https:\/\/quanticamedios.com.ar\/index.php?rest_route=\/wp\/v2\/users\/2"}],"replies":[{"embeddable":true,"href":"https:\/\/quanticamedios.com.ar\/index.php?rest_route=%2Fwp%2Fv2%2Fcomments&post=8027"}],"version-history":[{"count":1,"href":"https:\/\/quanticamedios.com.ar\/index.php?rest_route=\/wp\/v2\/posts\/8027\/revisions"}],"predecessor-version":[{"id":8030,"href":"https:\/\/quanticamedios.com.ar\/index.php?rest_route=\/wp\/v2\/posts\/8027\/revisions\/8030"}],"wp:featuredmedia":[{"embeddable":true,"href":"https:\/\/quanticamedios.com.ar\/index.php?rest_route=\/wp\/v2\/media\/8029"}],"wp:attachment":[{"href":"https:\/\/quanticamedios.com.ar\/index.php?rest_route=%2Fwp%2Fv2%2Fmedia&parent=8027"}],"wp:term":[{"taxonomy":"category","embeddable":true,"href":"https:\/\/quanticamedios.com.ar\/index.php?rest_route=%2Fwp%2Fv2%2Fcategories&post=8027"},{"taxonomy":"post_tag","embeddable":true,"href":"https:\/\/quanticamedios.com.ar\/index.php?rest_route=%2Fwp%2Fv2%2Ftags&post=8027"}],"curies":[{"name":"wp","href":"https:\/\/api.w.org\/{rel}","templated":true}]}}