{"id":8035,"date":"2026-04-30T13:30:45","date_gmt":"2026-04-30T16:30:45","guid":{"rendered":"https:\/\/quanticamedios.com.ar\/?p=8035"},"modified":"2026-04-30T13:32:14","modified_gmt":"2026-04-30T16:32:14","slug":"ronda-de-negocios-en-lomas-de-zamora-mas-de-240-pymes-participaron-en-1-300-entrevistas-comerciales","status":"publish","type":"post","link":"https:\/\/quanticamedios.com.ar\/?p=8035","title":{"rendered":"Ronda de Negocios en Lomas de Zamora: m\u00e1s de 240 PyMEs participaron en 1.300 entrevistas comerciales"},"content":{"rendered":"\n<p><em><strong>El Ministerio de Producci\u00f3n bonaerense y el Municipio de Lomas de Zamora impulsaron un nuevo encuentro productivo para fortalecer el entramado comercial local frente al contexto econ\u00f3mico nacional.<\/strong><\/em><\/p>\n\n\n\n<p>Este mi\u00e9rcoles, el&nbsp;<strong>Espacio Gea<\/strong>&nbsp;de Lomas de Zamora fue sede de una nueva&nbsp;<strong>Ronda de Negocios<\/strong>, un evento clave que reuni\u00f3 a&nbsp;<strong>240 PyMEs y cooperativas<\/strong>&nbsp;de la zona. El encuentro, organizado por el Ministerio de Producci\u00f3n, Ciencia e Innovaci\u00f3n Tecnol\u00f3gica de la provincia de Buenos Aires junto al municipio local y la C\u00e1mara de Comercio e Industria, gener\u00f3 m\u00e1s de&nbsp;<strong>1.370 entrevistas formales de negocios<\/strong>.<\/p>\n\n\n\n<p><strong>Pol\u00edticas p\u00fablicas para sostener la producci\u00f3n bonaerense<\/strong><\/p>\n\n\n\n<p>Las Rondas de Negocios se han consolidado como una herramienta estrat\u00e9gica bajo la gesti\u00f3n del gobernador&nbsp;<strong>Axel Kicillof<\/strong>&nbsp;y el ministro&nbsp;<strong>Augusto Costa<\/strong>. Desde 2022, la Provincia ha concretado&nbsp;<strong>108 rondas<\/strong>, alcanzando a 23.400 empresas y superando las&nbsp;<strong>87.000 entrevistas comerciales<\/strong>.<\/p>\n\n\n\n<p>En un escenario nacional marcado por la ca\u00edda del consumo y la desregulaci\u00f3n de importaciones, el Gobierno Provincial busca blindar la producci\u00f3n local. Al respecto, el subsecretario de Desarrollo Comercial,&nbsp;<strong>Ariel Aguilar<\/strong>, y el presidente de la FEBA,&nbsp;<strong>Camilo Alberto Kahale<\/strong>, destacaron la importancia de estas jornadas para proteger el empleo y fomentar el crecimiento industrial.<\/p>\n\n\n\n<p><strong>Herramientas de financiamiento y apoyo t\u00e9cnico<\/strong><\/p>\n\n\n\n<p>Durante la jornada, las empresas participantes accedieron a informaci\u00f3n sobre programas vigentes para el sector, tales como:<\/p>\n\n\n\n<ul class=\"wp-block-list\">\n<li><strong>Cr\u00e9ditos Provincia en Marcha.<\/strong><\/li>\n\n\n\n<li><strong>FOGABA:<\/strong>\u00a0Garant\u00edas para el acceso al cr\u00e9dito.<\/li>\n\n\n\n<li><strong>Producci\u00f3n Bonaerense y Cl\u00ednica Tecnol\u00f3gica.<\/strong><\/li>\n\n\n\n<li><strong>Escuela Productiva Bonaerense:<\/strong>\u00a0Capacitaciones t\u00e9cnicas.<\/li>\n<\/ul>\n\n\n\n<p><strong>Pr\u00f3ximas fechas: \u00bfD\u00f3nde siguen las Rondas de Negocios?<\/strong><\/p>\n\n\n\n<p>El cronograma productivo de la provincia de Buenos Aires contin\u00faa en las siguientes localidades:<\/p>\n\n\n\n<ol class=\"wp-block-list\">\n<li><strong>Ramallo:<\/strong>\u00a0Mi\u00e9rcoles 13 de mayo (Ronda Multisectorial).<\/li>\n\n\n\n<li><strong>Am\u00e9rica (Rivadavia):<\/strong>\u00a0Jueves 21 de mayo (Ronda Regional, incluye a General Villegas y Pellegrini).<\/li>\n<\/ol>\n\n\n\n<p><strong>Inscripciones:<\/strong>&nbsp;Las empresas interesadas pueden registrarse en el sitio oficial:&nbsp;<a target=\"_blank\" rel=\"noreferrer noopener\" href=\"https:\/\/www.gba.gob.ar\/produccion\/ronda_de_negocios\">gba.gob.ar\/produccion\/ronda_de_negocios<\/a>.<\/p>\n","protected":false},"excerpt":{"rendered":"<p>El Ministerio de Producci\u00f3n bonaerense y el Municipio de Lomas de Zamora impulsaron un nuevo encuentro productivo para fortalecer el entramado comercial local frente al contexto econ\u00f3mico nacional. Este mi\u00e9rcoles,&hellip; <\/p>\n","protected":false},"author":2,"featured_media":8037,"comment_status":"open","ping_status":"open","sticky":false,"template":"","format":"standard","meta":{"advanced_seo_description":"M\u00e1s de 240 PyMEs y cooperativas participaron en la Ronda de Negocios de Lomas de Zamora. Conoc\u00e9 el impacto de esta pol\u00edtica provincial y las pr\u00f3ximas fechas en Ramallo y Am\u00e9rica.","jetpack_seo_html_title":"\/ronda-negocios-lomas-de-zamora-pymes-buenos-aires\/","jetpack_seo_noindex":false,"jetpack_post_was_ever_published":false,"_jetpack_newsletter_access":"","_jetpack_dont_email_post_to_subs":false,"_jetpack_newsletter_tier_id":0,"_jetpack_memberships_contains_paywalled_content":false,"_jetpack_memberships_contains_paid_content":false,"footnotes":"","jetpack_publicize_message":"","jetpack_publicize_feature_enabled":true,"jetpack_social_post_already_shared":false,"jetpack_social_options":{"image_generator_settings":{"template":"highway","default_image_id":0,"font":"","enabled":false},"version":2}},"categories":[36],"tags":[125,5797,1231,22,2514,119,1198,5796,18,5795,5794,26],"class_list":["post-8035","post","type-post","status-publish","format-standard","has-post-thumbnail","hentry","category-economia","tag-axel-kicillof","tag-desarrollo-comercial","tag-desarrollo-economico","tag-economia","tag-economia-local","tag-gobierno-de-la-provincia-de-buenos-aires","tag-lomas-de-zamora","tag-ministerio-de-produccion-pba","tag-politica","tag-pymes-bonaerenses","tag-rondas-de-negocios","tag-sociedad"],"jetpack_publicize_connections":[],"jetpack_featured_media_url":"https:\/\/i0.wp.com\/quanticamedios.com.ar\/wp-content\/uploads\/2026\/04\/RONDAS1.jpeg?fit=1600%2C1067&ssl=1","jetpack-related-posts":[{"id":4390,"url":"https:\/\/quanticamedios.com.ar\/?p=4390","url_meta":{"origin":8035,"position":0},"title":"La Provincia organiz\u00f3 la cuarta Mesa Territorial para potenciar el desarrollo productivo","author":"Gabriel Barrios","date":"1 julio, 2022","format":false,"excerpt":"El encuentro cont\u00f3 con la presencia de \u00e1reas de Producci\u00f3n de diez municipios. Las Mesas Territoriales son un instrumento provincial para la planificaci\u00f3n y discusi\u00f3n de pol\u00edticas productivas.\u00a0 El Ministerio de Producci\u00f3n, Ciencia e Innovaci\u00f3n Tecnol\u00f3gica bonaerense llev\u00f3 adelante este jueves, en Avellaneda, la cuarta Mesa Territorial, conformada por los\u2026","rel":"","context":"En \u00abPol\u00edtica\u00bb","block_context":{"text":"Pol\u00edtica","link":"https:\/\/quanticamedios.com.ar\/?cat=15"},"img":{"alt_text":"","src":"https:\/\/i0.wp.com\/quanticamedios.com.ar\/wp-content\/uploads\/2022\/07\/WhatsApp-Image-2022-06-30-at-5.42.29-PM.jpeg?fit=375%2C500&ssl=1&resize=350%2C200","width":350,"height":200},"classes":[]},{"id":5831,"url":"https:\/\/quanticamedios.com.ar\/?p=5831","url_meta":{"origin":8035,"position":1},"title":"Con Pallarols precandidato a intendente se present\u00f3 el Frente de Izquierda en Lomas de Zamora","author":"Gabriel Barrios","date":"25 junio, 2023","format":false,"excerpt":"Encabezar\u00e1 lista \"Unidad de los Luchadores y la Izquierda\", con referentes de los trabajadores ocupados y desocupados Este s\u00e1bado 24 de junio se present\u00f3 la lista del Frente de Izquierda Unidad \"Unidad de los luchadores y la izquierda\" en Lomas de Zamora, que llevar\u00e1 al dirigente docente local y referente\u2026","rel":"","context":"En \u00abElecciones 2023\u00bb","block_context":{"text":"Elecciones 2023","link":"https:\/\/quanticamedios.com.ar\/?cat=3367"},"img":{"alt_text":"","src":"https:\/\/i0.wp.com\/quanticamedios.com.ar\/wp-content\/uploads\/2023\/06\/WhatsApp-Image-2023-06-25-at-13.59.51.jpeg?fit=1080%2C608&ssl=1&resize=350%2C200","width":350,"height":200,"srcset":"https:\/\/i0.wp.com\/quanticamedios.com.ar\/wp-content\/uploads\/2023\/06\/WhatsApp-Image-2023-06-25-at-13.59.51.jpeg?fit=1080%2C608&ssl=1&resize=350%2C200 1x, https:\/\/i0.wp.com\/quanticamedios.com.ar\/wp-content\/uploads\/2023\/06\/WhatsApp-Image-2023-06-25-at-13.59.51.jpeg?fit=1080%2C608&ssl=1&resize=525%2C300 1.5x, https:\/\/i0.wp.com\/quanticamedios.com.ar\/wp-content\/uploads\/2023\/06\/WhatsApp-Image-2023-06-25-at-13.59.51.jpeg?fit=1080%2C608&ssl=1&resize=700%2C400 2x, https:\/\/i0.wp.com\/quanticamedios.com.ar\/wp-content\/uploads\/2023\/06\/WhatsApp-Image-2023-06-25-at-13.59.51.jpeg?fit=1080%2C608&ssl=1&resize=1050%2C600 3x"},"classes":[]},{"id":28,"url":"https:\/\/quanticamedios.com.ar\/?p=28","url_meta":{"origin":8035,"position":2},"title":"Analizan implementaci\u00f3n en Varela del programa Mercados Bonaerenses","author":"Gabriel Barrios","date":"4 febrero, 2021","format":false,"excerpt":"El programa se encuentra dentro del Plan Nacional Integral \u201cArgentina contra el hambre\u201d que busca garantizar la seguridad alimentaria de todas las familias poniendo especial atenci\u00f3n en los sectores de mayor vulnerabilidad social y econ\u00f3mica.","rel":"","context":"En \u00abFlorencio Varela\u00bb","block_context":{"text":"Florencio Varela","link":"https:\/\/quanticamedios.com.ar\/?cat=3"},"img":{"alt_text":"","src":"https:\/\/i0.wp.com\/quanticamedios.com.ar\/wp-content\/uploads\/2021\/02\/Mercados-bonaerenses.jpg?fit=1099%2C650&ssl=1&resize=350%2C200","width":350,"height":200,"srcset":"https:\/\/i0.wp.com\/quanticamedios.com.ar\/wp-content\/uploads\/2021\/02\/Mercados-bonaerenses.jpg?fit=1099%2C650&ssl=1&resize=350%2C200 1x, https:\/\/i0.wp.com\/quanticamedios.com.ar\/wp-content\/uploads\/2021\/02\/Mercados-bonaerenses.jpg?fit=1099%2C650&ssl=1&resize=525%2C300 1.5x, https:\/\/i0.wp.com\/quanticamedios.com.ar\/wp-content\/uploads\/2021\/02\/Mercados-bonaerenses.jpg?fit=1099%2C650&ssl=1&resize=700%2C400 2x, https:\/\/i0.wp.com\/quanticamedios.com.ar\/wp-content\/uploads\/2021\/02\/Mercados-bonaerenses.jpg?fit=1099%2C650&ssl=1&resize=1050%2C600 3x"},"classes":[]},{"id":2551,"url":"https:\/\/quanticamedios.com.ar\/?p=2551","url_meta":{"origin":8035,"position":3},"title":"Ajedrez: Varela ser\u00e1 Sede de los Torneos Bonaerenses","author":"Gabriel Barrios","date":"16 septiembre, 2021","format":false,"excerpt":"Ma\u00f1ana viernes se desarrollar\u00e1 la instancia regional de ajedrez de los Juegos Bonaerenses 2021. Las partidas se disputar\u00e1n en la Escuela de Ense\u00f1anza T\u00e9cnica N\u00b02, ubicada en Sallares 2.912, del barrio 9 de julio. Florencio Varela ser\u00e1 sede en Ajedrez de los ex Torneos Juveniles bonaerenses que este a\u00f1o se\u2026","rel":"","context":"En \u00abFlorencio Varela\u00bb","block_context":{"text":"Florencio Varela","link":"https:\/\/quanticamedios.com.ar\/?cat=3"},"img":{"alt_text":"","src":"https:\/\/i0.wp.com\/quanticamedios.com.ar\/wp-content\/uploads\/2021\/09\/Ajedrez-Archivo.jpg?fit=800%2C600&ssl=1&resize=350%2C200","width":350,"height":200,"srcset":"https:\/\/i0.wp.com\/quanticamedios.com.ar\/wp-content\/uploads\/2021\/09\/Ajedrez-Archivo.jpg?fit=800%2C600&ssl=1&resize=350%2C200 1x, https:\/\/i0.wp.com\/quanticamedios.com.ar\/wp-content\/uploads\/2021\/09\/Ajedrez-Archivo.jpg?fit=800%2C600&ssl=1&resize=525%2C300 1.5x, https:\/\/i0.wp.com\/quanticamedios.com.ar\/wp-content\/uploads\/2021\/09\/Ajedrez-Archivo.jpg?fit=800%2C600&ssl=1&resize=700%2C400 2x"},"classes":[]},{"id":1625,"url":"https:\/\/quanticamedios.com.ar\/?p=1625","url_meta":{"origin":8035,"position":4},"title":"Obras de integraci\u00f3n urbana para Quilmes","author":"Gabriel Barrios","date":"10 junio, 2021","format":false,"excerpt":"La intendenta de Quilmes, Mayra Mendoza, mantuvo esta tarde una reuni\u00f3n virtual con el ministro de Infraestructura y Servicios P\u00fablicos de la Provincia de Buenos Aires, Agust\u00edn Simone, con quien firm\u00f3 un contrato para la realizaci\u00f3n de obras de integraci\u00f3n urbana y puesta en valor de espacios p\u00fablicos en el\u2026","rel":"","context":"En \u00abMunicipios\u00bb","block_context":{"text":"Municipios","link":"https:\/\/quanticamedios.com.ar\/?cat=2"},"img":{"alt_text":"","src":"https:\/\/i0.wp.com\/quanticamedios.com.ar\/wp-content\/uploads\/2021\/06\/Mayra-firma-de-contrato-con-Agustin-Simone-1.jpg?fit=1024%2C682&ssl=1&resize=350%2C200","width":350,"height":200,"srcset":"https:\/\/i0.wp.com\/quanticamedios.com.ar\/wp-content\/uploads\/2021\/06\/Mayra-firma-de-contrato-con-Agustin-Simone-1.jpg?fit=1024%2C682&ssl=1&resize=350%2C200 1x, https:\/\/i0.wp.com\/quanticamedios.com.ar\/wp-content\/uploads\/2021\/06\/Mayra-firma-de-contrato-con-Agustin-Simone-1.jpg?fit=1024%2C682&ssl=1&resize=525%2C300 1.5x, https:\/\/i0.wp.com\/quanticamedios.com.ar\/wp-content\/uploads\/2021\/06\/Mayra-firma-de-contrato-con-Agustin-Simone-1.jpg?fit=1024%2C682&ssl=1&resize=700%2C400 2x"},"classes":[]},{"id":171,"url":"https:\/\/quanticamedios.com.ar\/?p=171","url_meta":{"origin":8035,"position":5},"title":"Kicillof se reuni\u00f3 con intendentes e intendentas de la tercera secci\u00f3n electoral","author":"Gabriel Barrios","date":"8 febrero, 2021","format":false,"excerpt":"En este primer encuentro del a\u00f1o, los funcionarios repasaron el estado de la inscripci\u00f3n de los y las bonaerenses al Plan p\u00fablico, gratuito y optativo de vacunaci\u00f3n contra el Covid-19 en cada uno de los partidos.","rel":"","context":"En \u00abPol\u00edtica\u00bb","block_context":{"text":"Pol\u00edtica","link":"https:\/\/quanticamedios.com.ar\/?cat=15"},"img":{"alt_text":"","src":"https:\/\/i0.wp.com\/quanticamedios.com.ar\/wp-content\/uploads\/2021\/02\/2021_02_08_AK_Reunion-intendentes-fdt_027.jpg?fit=750%2C503&ssl=1&resize=350%2C200","width":350,"height":200,"srcset":"https:\/\/i0.wp.com\/quanticamedios.com.ar\/wp-content\/uploads\/2021\/02\/2021_02_08_AK_Reunion-intendentes-fdt_027.jpg?fit=750%2C503&ssl=1&resize=350%2C200 1x, https:\/\/i0.wp.com\/quanticamedios.com.ar\/wp-content\/uploads\/2021\/02\/2021_02_08_AK_Reunion-intendentes-fdt_027.jpg?fit=750%2C503&ssl=1&resize=525%2C300 1.5x, https:\/\/i0.wp.com\/quanticamedios.com.ar\/wp-content\/uploads\/2021\/02\/2021_02_08_AK_Reunion-intendentes-fdt_027.jpg?fit=750%2C503&ssl=1&resize=700%2C400 2x"},"classes":[]}],"jetpack_shortlink":"https:\/\/wp.me\/ph7tt2-25B","jetpack_sharing_enabled":true,"jetpack_likes_enabled":true,"amp_enabled":true,"_links":{"self":[{"href":"https:\/\/quanticamedios.com.ar\/index.php?rest_route=\/wp\/v2\/posts\/8035","targetHints":{"allow":["GET"]}}],"collection":[{"href":"https:\/\/quanticamedios.com.ar\/index.php?rest_route=\/wp\/v2\/posts"}],"about":[{"href":"https:\/\/quanticamedios.com.ar\/index.php?rest_route=\/wp\/v2\/types\/post"}],"author":[{"embeddable":true,"href":"https:\/\/quanticamedios.com.ar\/index.php?rest_route=\/wp\/v2\/users\/2"}],"replies":[{"embeddable":true,"href":"https:\/\/quanticamedios.com.ar\/index.php?rest_route=%2Fwp%2Fv2%2Fcomments&post=8035"}],"version-history":[{"count":1,"href":"https:\/\/quanticamedios.com.ar\/index.php?rest_route=\/wp\/v2\/posts\/8035\/revisions"}],"predecessor-version":[{"id":8038,"href":"https:\/\/quanticamedios.com.ar\/index.php?rest_route=\/wp\/v2\/posts\/8035\/revisions\/8038"}],"wp:featuredmedia":[{"embeddable":true,"href":"https:\/\/quanticamedios.com.ar\/index.php?rest_route=\/wp\/v2\/media\/8037"}],"wp:attachment":[{"href":"https:\/\/quanticamedios.com.ar\/index.php?rest_route=%2Fwp%2Fv2%2Fmedia&parent=8035"}],"wp:term":[{"taxonomy":"category","embeddable":true,"href":"https:\/\/quanticamedios.com.ar\/index.php?rest_route=%2Fwp%2Fv2%2Fcategories&post=8035"},{"taxonomy":"post_tag","embeddable":true,"href":"https:\/\/quanticamedios.com.ar\/index.php?rest_route=%2Fwp%2Fv2%2Ftags&post=8035"}],"curies":[{"name":"wp","href":"https:\/\/api.w.org\/{rel}","templated":true}]}}